{"id":162449,"date":"2026-03-17T04:48:34","date_gmt":"2026-03-17T07:48:34","guid":{"rendered":"http:\/\/argentinamunicipal.com.ar\/argentina\/?p=162449"},"modified":"2026-03-16T18:51:12","modified_gmt":"2026-03-16T21:51:12","slug":"la-necesidad-no-para-de-crecer-los-pedidos-de-ayuda-social-en-rosario-subieron-30","status":"publish","type":"post","link":"http:\/\/argentinamunicipal.com.ar\/argentina\/la-necesidad-no-para-de-crecer-los-pedidos-de-ayuda-social-en-rosario-subieron-30\/","title":{"rendered":"La necesidad no para de crecer: los pedidos de ayuda social en Rosario subieron 30%"},"content":{"rendered":"<p>El secretario de Desarrollo Humano y H\u00e1bitat municipal, Nicol\u00e1s Gianelloni, dijo: \u00abHay personas que perdieron el trabajo y vienen a buscar ayuda otras que no llegan a fin de mes y vienen a buscar algo de comida y tambi\u00e9n se registran casos vinculados a la salud mental con consumos problem\u00e1ticos\u00bb<\/p>\n<p>El secretario de Desarrollo Humano y H\u00e1bitat municipal, Nicol\u00e1s Gianelloni, habl\u00f3 con el m\u00f3vil de LT3 y brind\u00f3 un panorama social de la ayuda social que el Municipio viene realizando durante el a\u00f1o y asegur\u00f3 que hubo un crecimiento del 30% de la demanda de este tipo de pedidos.<\/p>\n<p>Gianelloni destac\u00f3\u00a0que los refugios municipales estuvieron abiertos durante todo el verano y la demanda de ocupaci\u00f3n fue muy alta durante todo el a\u00f1o.\u00a0\u00abHay personas que perdieron el trabajo y vienen a buscar ayuda otras que no llegan a fin de mes y vienen a buscar algo de comida y tambi\u00e9n se registran casos vinculados a la salud mental con consumos problem\u00e1ticos\u00bb.<\/p>\n<p>El funcionario municipal agreg\u00f3 tambi\u00e9n que\u00a0\u00abse ha comenzado a acercar gente asalariada que tampoco llega a fin de mes, y tambi\u00e9n muchas personas hoy tienen problemas para sostener sus viviendas debido a la p\u00e9rdida del poder adquisitivo de jubilaciones y pensiones\u00bb.<\/p>\n<p>Ante este escenario, desde el municipio se decidi\u00f3 intensificar el monitoreo de las situaciones m\u00e1s vulnerables y fortalecer las pol\u00edticas sociales. \u201cSabemos que nadie debe quedar solo en la ciudad y que tiene que haber un Estado municipal que acompa\u00f1e\u201d, se\u00f1al\u00f3 el funcionario.<\/p>\n<h6>Fuente: El Ciudadano<\/h6>\n","protected":false},"excerpt":{"rendered":"<p>\u00abHay personas que perdieron el trabajo y vienen a buscar ayuda otras que no llegan a fin de mes y vienen a buscar algo de comida y tambi\u00e9n se registran casos vinculados a la salud mental con consumos problem\u00e1ticos\u00bb<\/p>\n","protected":false},"author":2,"featured_media":162450,"comment_status":"closed","ping_status":"closed","sticky":false,"template":"","format":"standard","meta":{"footnotes":""},"categories":[2],"tags":[10],"class_list":["post-162449","post","type-post","status-publish","format-standard","has-post-thumbnail","hentry","category-informe-municipal","tag-santa-fe"],"_links":{"self":[{"href":"http:\/\/argentinamunicipal.com.ar\/argentina\/wp-json\/wp\/v2\/posts\/162449","targetHints":{"allow":["GET"]}}],"collection":[{"href":"http:\/\/argentinamunicipal.com.ar\/argentina\/wp-json\/wp\/v2\/posts"}],"about":[{"href":"http:\/\/argentinamunicipal.com.ar\/argentina\/wp-json\/wp\/v2\/types\/post"}],"author":[{"embeddable":true,"href":"http:\/\/argentinamunicipal.com.ar\/argentina\/wp-json\/wp\/v2\/users\/2"}],"replies":[{"embeddable":true,"href":"http:\/\/argentinamunicipal.com.ar\/argentina\/wp-json\/wp\/v2\/comments?post=162449"}],"version-history":[{"count":1,"href":"http:\/\/argentinamunicipal.com.ar\/argentina\/wp-json\/wp\/v2\/posts\/162449\/revisions"}],"predecessor-version":[{"id":162451,"href":"http:\/\/argentinamunicipal.com.ar\/argentina\/wp-json\/wp\/v2\/posts\/162449\/revisions\/162451"}],"wp:featuredmedia":[{"embeddable":true,"href":"http:\/\/argentinamunicipal.com.ar\/argentina\/wp-json\/wp\/v2\/media\/162450"}],"wp:attachment":[{"href":"http:\/\/argentinamunicipal.com.ar\/argentina\/wp-json\/wp\/v2\/media?parent=162449"}],"wp:term":[{"taxonomy":"category","embeddable":true,"href":"http:\/\/argentinamunicipal.com.ar\/argentina\/wp-json\/wp\/v2\/categories?post=162449"},{"taxonomy":"post_tag","embeddable":true,"href":"http:\/\/argentinamunicipal.com.ar\/argentina\/wp-json\/wp\/v2\/tags?post=162449"}],"curies":[{"name":"wp","href":"https:\/\/api.w.org\/{rel}","templated":true}]}}