{"id":16246,"date":"2014-10-10T10:20:14","date_gmt":"2014-10-10T13:20:14","guid":{"rendered":"http:\/\/argentinamunicipal.com.ar\/argentina\/?p=16246"},"modified":"2014-10-10T10:20:14","modified_gmt":"2014-10-10T13:20:14","slug":"nacion-y-municipio-avanzan-en-un-nuevo-plan-de-obras-para-rosario","status":"publish","type":"post","link":"http:\/\/argentinamunicipal.com.ar\/argentina\/nacion-y-municipio-avanzan-en-un-nuevo-plan-de-obras-para-rosario\/","title":{"rendered":"Naci\u00f3n y municipio avanzan en un nuevo plan de obras para Rosario"},"content":{"rendered":"<p><a href=\"http:\/\/argentinamunicipal.com.ar\/argentina\/wp-content\/uploads\/2014\/10\/28-07-2011-rosario-005.jpg\"><img loading=\"lazy\" decoding=\"async\" class=\"aligncenter  wp-image-16247\" src=\"http:\/\/argentinamunicipal.com.ar\/argentina\/wp-content\/uploads\/2014\/10\/28-07-2011-rosario-005.jpg\" alt=\"28-07-2011-rosario-005\" width=\"696\" height=\"461\" srcset=\"http:\/\/argentinamunicipal.com.ar\/argentina\/wp-content\/uploads\/2014\/10\/28-07-2011-rosario-005.jpg 1024w, http:\/\/argentinamunicipal.com.ar\/argentina\/wp-content\/uploads\/2014\/10\/28-07-2011-rosario-005-300x198.jpg 300w\" sizes=\"auto, (max-width: 696px) 100vw, 696px\" \/><\/a><br \/>\nLa intendenta y el secretario de Transporte firmaron un convenio para hacer pavimento, red de gas y nuevos accesos.<\/p>\n<p>El ministro de Transporte nacional, Alejandro Ramos, y la intendenta, M\u00f3nica Fein, avanzaron ayer con un combo de nuevas obras de infraestructura para la ciudad: la pavimentaci\u00f3n del barrio Espa\u00f1a Chica (avenida Sab\u00edn y Sorrento), la ampliaci\u00f3n de la capacidad de la saturada red de gas de la ciudad, la conexi\u00f3n de Circunvalaci\u00f3n con la avenida Avellaneda y los trabajos necesarios para continuar las obras del tren Buenos Aires-Rosario hacia C\u00f3rdoba.<\/p>\n<p>Fein y Ramos tambi\u00e9n analizaron las obras ya en marcha \u2014como las del tren Rosario-Buenos Aires\u2014, y el lanzamiento de los vuelos desde el aeropuerto hacia el sur (Bariloche y Calafate).<\/p>\n<p>Ambos firmaron un convenio para la pavimentaci\u00f3n definitiva de las 13 cuadras del barrio Espa\u00f1a Chica y las correspondientes obras pluviales, que completan los trabajos de reconversi\u00f3n del barrio Traves\u00eda, desde Juan Jos\u00e9 Paso hasta Sorrento.<\/p>\n<p>Este proceso se inici\u00f3 a\u00f1os atr\u00e1s con la integraci\u00f3n urbana de las familias de la comunidad Toba y la relocalizaci\u00f3n de una parte de ellas en 500 nuevas viviendas, que junto con infraestructura social demand\u00f3 un presupuesto de 400 millones de pesos.<\/p>\n<p>Los hist\u00f3ricos vecinos de Espa\u00f1a Chica ven\u00edan reclamando desde hace tiempo estas obras, pero las demandas crecieron cuando se inici\u00f3 la fase de reubicaci\u00f3n de las familias de Paso y Traves\u00eda en terrenos linderos a calle Artilleros y Antequera. Fein asegur\u00f3 que las obras comenzar\u00e1n en dos meses.<\/p>\n<p>Por otra parte, el secretario de Transporte nacional y la intendenta pulieron las opciones para poner en marcha el proyecto para ampliar la infraestructura de gas existente en Rosario, lo que permitir\u00e1 abastecer la demanda de conexiones. Particularmente, la zona norte es donde se registrar\u00eda el mayor d\u00e9ficit.<\/p>\n<p>Los funcionarios reconocieron que crece mucho la utilizaci\u00f3n de energ\u00eda el\u00e9ctrica por parte de los vecinos y empresas por la imposibilidad de acceder al gas.<\/p>\n<p>Dale gas. Fein explic\u00f3 que el proyecto de unos 30 millones de pesos cuenta con el visto bueno del Enarg\u00e1s y lo que restar\u00eda resolver ahora ser\u00eda c\u00f3mo se instrumenta la obra.<\/p>\n<p>No obstante, la predisposici\u00f3n expresada por la Naci\u00f3n para desarrollar r\u00e1pidamente la infraestructura har\u00eda que los tiempos s\u00f3lo tengan que ver con el cumplimiento de las formalidades para su puesta en marcha.<\/p>\n<p>Similar es el caso para la materializaci\u00f3n de la conexi\u00f3n vial de Avellaneda y Circunvalaci\u00f3n, mediante la construcci\u00f3n de los rulos para subir y bajar de ambas avenidas. Esta infraestructura es un pedido que vienen realizando industriales de la zona sur, dado que no s\u00f3lo facilitar\u00eda el acceso entre estas dos importantes arterias sino que tambi\u00e9n impulsar\u00eda a\u00fan m\u00e1s esa zona fabril.<\/p>\n<p>Las conversaciones avanzaron, adem\u00e1s, sobre las posibilidades para la continuaci\u00f3n hacia C\u00f3rdoba del tren Buenos Aires-Rosario, dada la aceleraci\u00f3n de los plazos para la puesta en marcha de este \u00faltimo recorrido para enero pr\u00f3ximo.<\/p>\n<p>\u00abEstamos escuchando las prioridades de la ciudad y la idea es seguir estimulando la obra p\u00fablica para mejorar a los sectores m\u00e1s vulnerables y la infraestructura necesaria para que Santa Fe siga siendo atractiva para las inversiones\u00bb, asegur\u00f3 Ramos.<\/p>\n<p>En tanto, la intendenta destac\u00f3 la cargada agenda de obras en marcha y la recepci\u00f3n de la Naci\u00f3n para resolver obras clave para la ciudad.<\/p>\n<p>La sinton\u00eda fina entre ambos niveles de gobierno y las cercan\u00edas del proceso electoral de 2015 aceleraron en el \u00faltimo a\u00f1o la puesta en marcha de distintos proyectos de infraestructura en la ciudad e incluso se manifest\u00f3 en materia de seguridad con el desembarco de las fuerzas federales desde abril pasado.<\/p>\n<h6>Fuente: La Capital, Rosario<\/h6>\n","protected":false},"excerpt":{"rendered":"<p>La intendenta y el secretario de Transporte firmaron un convenio para hacer pavimento, red de gas y nuevos accesos. El ministro de Transporte nacional, Alejandro Ramos, y la intendenta, M\u00f3nica Fein, avanzaron ayer con un combo de nuevas obras de infraestructura para la ciudad: la pavimentaci\u00f3n del barrio Espa\u00f1a Chica (avenida Sab\u00edn y Sorrento), la<\/p>\n","protected":false},"author":2,"featured_media":16247,"comment_status":"closed","ping_status":"closed","sticky":false,"template":"","format":"standard","meta":{"footnotes":""},"categories":[2],"tags":[10],"class_list":["post-16246","post","type-post","status-publish","format-standard","has-post-thumbnail","hentry","category-informe-municipal","tag-santa-fe"],"_links":{"self":[{"href":"http:\/\/argentinamunicipal.com.ar\/argentina\/wp-json\/wp\/v2\/posts\/16246","targetHints":{"allow":["GET"]}}],"collection":[{"href":"http:\/\/argentinamunicipal.com.ar\/argentina\/wp-json\/wp\/v2\/posts"}],"about":[{"href":"http:\/\/argentinamunicipal.com.ar\/argentina\/wp-json\/wp\/v2\/types\/post"}],"author":[{"embeddable":true,"href":"http:\/\/argentinamunicipal.com.ar\/argentina\/wp-json\/wp\/v2\/users\/2"}],"replies":[{"embeddable":true,"href":"http:\/\/argentinamunicipal.com.ar\/argentina\/wp-json\/wp\/v2\/comments?post=16246"}],"version-history":[{"count":0,"href":"http:\/\/argentinamunicipal.com.ar\/argentina\/wp-json\/wp\/v2\/posts\/16246\/revisions"}],"wp:featuredmedia":[{"embeddable":true,"href":"http:\/\/argentinamunicipal.com.ar\/argentina\/wp-json\/wp\/v2\/media\/16247"}],"wp:attachment":[{"href":"http:\/\/argentinamunicipal.com.ar\/argentina\/wp-json\/wp\/v2\/media?parent=16246"}],"wp:term":[{"taxonomy":"category","embeddable":true,"href":"http:\/\/argentinamunicipal.com.ar\/argentina\/wp-json\/wp\/v2\/categories?post=16246"},{"taxonomy":"post_tag","embeddable":true,"href":"http:\/\/argentinamunicipal.com.ar\/argentina\/wp-json\/wp\/v2\/tags?post=16246"}],"curies":[{"name":"wp","href":"https:\/\/api.w.org\/{rel}","templated":true}]}}