{"id":162465,"date":"2026-03-17T05:08:16","date_gmt":"2026-03-17T08:08:16","guid":{"rendered":"http:\/\/argentinamunicipal.com.ar\/argentina\/?p=162465"},"modified":"2026-03-16T19:33:28","modified_gmt":"2026-03-16T22:33:28","slug":"travesia-nautica-para-que-el-parana-siga-siendo-un-rio-y-la-hidrovia-para-los-grandes-negocios-no-destruya-el-humedal","status":"publish","type":"post","link":"http:\/\/argentinamunicipal.com.ar\/argentina\/travesia-nautica-para-que-el-parana-siga-siendo-un-rio-y-la-hidrovia-para-los-grandes-negocios-no-destruya-el-humedal\/","title":{"rendered":"Traves\u00eda n\u00e1utica para que el Paran\u00e1 siga siendo un r\u00edo y la Hidrov\u00eda para los grandes negocios no destruya el humedal"},"content":{"rendered":"<p>El s\u00e1bado lleg\u00f3 a la capital entrerriana y este domingo ser\u00e1 el turno de la ciudad de Santa Fe. El raid en defensa del ambiente y la soberan\u00eda sobre los cursos de agua culminar\u00e1 el pr\u00f3ximo s\u00e1bado 21 en Rosario<\/p>\n<p>La traves\u00eda n\u00e1utica \u00abSalvemos el Paran\u00e1 y sus humedales\u00bb lleg\u00f3 en la tarde del s\u00e1bado a la ciudad de Paran\u00e1 y este domingo ser\u00e1 el turno de la capital santafesina, a lo largo de un raid que parti\u00f3 desde Las Palmas, en Chaco, y prev\u00e9 completar un recorrido de unos 800 kil\u00f3metros hasta Rosario. En cada parada, la recepci\u00f3n es con encuentros con vecinos, charlas y actividades culturales para debatir sobre la situaci\u00f3n del r\u00edo.<\/p>\n<p>La iniciativa, que comenz\u00f3 el 7 de marzo y se realiza en tres tramos a lo largo de 14 d\u00edas, es impulsada por el \u00abForo por la recuperaci\u00f3n del Paran\u00e1\u00bb y numerosas organizaciones ambientales, sociales, gremiales, estudiantiles, culturales, pol\u00edticas y religiosas. Muchas de ellas, adem\u00e1s, fueron parte de la acci\u00f3n colectiva \u00abRemar contracorriente por el agua, la vida y la soberan\u00eda\u00bb, que el a\u00f1o pasado uni\u00f3 las provincias del litoral en una hist\u00f3rica remada de m\u00e1s de 1.200 km.<\/p>\n<p>Con grandes y llamativas banderas argentinas estampadas con consignas como \u00abel Paran\u00e1 en manos argentinas\u00bb, \u00abno a los 44 pies (de dragado)\u00bb, \u00absalvemos el Paran\u00e1 y sus humedales\u00bb y \u00abArgentina sangra por el Paran\u00e1\u00bb, los participantes de la traves\u00eda buscan poner en evidencia su \u00abfirme oposici\u00f3n\u00bb a una nueva privatizaci\u00f3n, extranjerizaci\u00f3n, y a la destrucci\u00f3n del r\u00edo al que mal llaman Hidrov\u00eda, como a las pretensiones de profundizar su dragado a 44 pies, lo que constituir\u00eda un verdadero ecocidio y se pretende ejecutar sin ning\u00fan estudio de impacto ambiental\u00bb.<\/p>\n<p><strong>El \u00abdesarrollo\u00bb para unos pocos y el pasivo ambiental para todos<\/strong><br \/>\nLos participantes de la remada se\u00f1alan que \u201cquienes se adjudican ser due\u00f1os del r\u00edo lo hacen encubiertos en el nombre de un supuesto desarrollo\u00bb que no es tal. El dragado actual en 36 pies, se\u00f1alan, agudiz\u00f3 la crisis h\u00eddrica reflejada en el taponamiento de bocas, reducci\u00f3n de las lagunas y riachos que funcionan como cortafuegos naturales y \u00e1reas de reproducci\u00f3n de peces, destacan. Y agregan que eso es un serio riesgo para el acceso al agua como recurso vital y para todo el ecosistema vinculado a los humedales.<\/p>\n<p>Esos proyectos, enfatizan, conciben al Paran\u00e1 solo como una \u00abautopista fluvial\u00bb para el ingreso de buques de ultramar en medio de un continente, una pretensi\u00f3n que no se materializ\u00f3 en ning\u00fan lugar del mundo. Es, insisten, un proyecto que beneficia fundamentalmente de las agroexportadoras, en su mayor\u00eda extranjeras, \u00abque tienen el control del comercio exterior\u00bb argentino.<\/p>\n<p>Antes de hacer parada en Paran\u00e1, la traves\u00eda pas\u00f3 (y desembarc\u00f3) en Isla del Cerrito, Antequera, Corrientes, Barranqueras, Bella Vista, Goya, Esquina, La Paz, Hernandarias y Villa Urquiza. En Corrientes, sumaron una imagen de la Virgen de Itat\u00ed.<\/p>\n<p><strong>En Paran\u00e1<\/strong><\/p>\n<p>La traves\u00eda arrib\u00f3 al Balneario Municipal de la capital entrerriana y hubo recibimiento de honor para sus emblem\u00e1ticos protagonistas. Entre ellos, Luis \u201cCosita\u201d Romero, de Remar Contracorriente, Luciano Orellano, del Foro por la Recuperaci\u00f3n del Paran\u00e1, Arturo Sedano y Evangelina Codoni, y Javier \u201cTula\u201d Nu\u00f1ez, gu\u00eda de pesca y asesor de Islas de la Municipalidad de Victoria.<\/p>\n<p>El arribo fue coronado con el despliegue de una enorme bandera argentina que los asistentes saludaron con el grito \u00abEl r\u00edo no se vende\u00bb.<\/p>\n<p>A la ribera paranaense se acercaron\u00a0vecinos y las familias con sus reposeras para disfrutar del \u00abencuentro cultural\u00bb organizado para esa escala, quye se prolong\u00f3 hasta la noche con m\u00fasica, danza y producciones regionales que reconocen en el Paran\u00e1 la matriz de su identidad.<\/p>\n<p>Hubo adem\u00e1s una \u00abmuestra soberana\u00bb con infograf\u00edas en grandes paneles que grafican las denuncias del atropello a la soberan\u00eda nacional y al ambiente. Pero propositivas: con propuestas para recuperar el r\u00edo y su entorno.<\/p>\n<p>Este domingo, los participantes de la traves\u00eda partieron hacia la ciudad de Santa Fe. Ya es el \u00faltimo tramo de la iniciativa. Su punto final ser\u00e1 Rosario, donde cerrar\u00e1 el s\u00e1bado 21.<\/p>\n<h6>Fuente: El Ciudadano<\/h6>\n","protected":false},"excerpt":{"rendered":"<p>El s\u00e1bado lleg\u00f3 a la capital entrerriana y este domingo ser\u00e1 el turno de la ciudad de Santa Fe. El raid en defensa del ambiente y la soberan\u00eda sobre los cursos de agua culminar\u00e1 el pr\u00f3ximo s\u00e1bado 21 en Rosario<\/p>\n","protected":false},"author":2,"featured_media":162466,"comment_status":"closed","ping_status":"closed","sticky":false,"template":"","format":"standard","meta":{"footnotes":""},"categories":[2],"tags":[17,10],"class_list":["post-162465","post","type-post","status-publish","format-standard","has-post-thumbnail","hentry","category-informe-municipal","tag-entre-rios","tag-santa-fe"],"_links":{"self":[{"href":"http:\/\/argentinamunicipal.com.ar\/argentina\/wp-json\/wp\/v2\/posts\/162465","targetHints":{"allow":["GET"]}}],"collection":[{"href":"http:\/\/argentinamunicipal.com.ar\/argentina\/wp-json\/wp\/v2\/posts"}],"about":[{"href":"http:\/\/argentinamunicipal.com.ar\/argentina\/wp-json\/wp\/v2\/types\/post"}],"author":[{"embeddable":true,"href":"http:\/\/argentinamunicipal.com.ar\/argentina\/wp-json\/wp\/v2\/users\/2"}],"replies":[{"embeddable":true,"href":"http:\/\/argentinamunicipal.com.ar\/argentina\/wp-json\/wp\/v2\/comments?post=162465"}],"version-history":[{"count":1,"href":"http:\/\/argentinamunicipal.com.ar\/argentina\/wp-json\/wp\/v2\/posts\/162465\/revisions"}],"predecessor-version":[{"id":162467,"href":"http:\/\/argentinamunicipal.com.ar\/argentina\/wp-json\/wp\/v2\/posts\/162465\/revisions\/162467"}],"wp:featuredmedia":[{"embeddable":true,"href":"http:\/\/argentinamunicipal.com.ar\/argentina\/wp-json\/wp\/v2\/media\/162466"}],"wp:attachment":[{"href":"http:\/\/argentinamunicipal.com.ar\/argentina\/wp-json\/wp\/v2\/media?parent=162465"}],"wp:term":[{"taxonomy":"category","embeddable":true,"href":"http:\/\/argentinamunicipal.com.ar\/argentina\/wp-json\/wp\/v2\/categories?post=162465"},{"taxonomy":"post_tag","embeddable":true,"href":"http:\/\/argentinamunicipal.com.ar\/argentina\/wp-json\/wp\/v2\/tags?post=162465"}],"curies":[{"name":"wp","href":"https:\/\/api.w.org\/{rel}","templated":true}]}}