{"id":162474,"date":"2026-03-16T19:42:50","date_gmt":"2026-03-16T22:42:50","guid":{"rendered":"http:\/\/argentinamunicipal.com.ar\/argentina\/?p=162474"},"modified":"2026-03-16T19:42:50","modified_gmt":"2026-03-16T22:42:50","slug":"el-retraso-de-pagos-impacta-fuerte-en-100-mil-cordobeses-con-discapacidad","status":"publish","type":"post","link":"http:\/\/argentinamunicipal.com.ar\/argentina\/el-retraso-de-pagos-impacta-fuerte-en-100-mil-cordobeses-con-discapacidad\/","title":{"rendered":"El retraso de pagos impacta fuerte en 100 mil cordobeses con discapacidad"},"content":{"rendered":"<p>Comenz\u00f3 el cese de actividades de los prestadores por incumplimientos que se extiende hasta la semana pr\u00f3xima. Alertan que la situaci\u00f3n pone en riesgo la continuidad de servicios<\/p>\n<p>La falta de pagos a los prestadores impacta de lleno en 100 mil cordobeses con discapacidad.<\/p>\n<p>Comenz\u00f3 el cese de actividades de los prestadores de servicios de discapacidad por incumplimientos que se extiende hasta la semana pr\u00f3xima.<\/p>\n<p>En rigor son tres d\u00edas de paro:el de ayer y el mi\u00e9rcoles y jueves pr\u00f3ximos.<\/p>\n<p>En el sector, alertan que la situaci\u00f3n pone en riesgo la continuidad de servicios.<\/p>\n<p>\u201cEl \u00faltimo pago que se hizo fue hace varios meses. Hay instituciones a las que se les adeudan octubre, noviembre y diciembre, lo que genera un problema enorme porque no pueden afrontar gastos b\u00e1sicos\u201d, se\u00f1alaron fuentes consultadas.<\/p>\n<p>Y a\u00f1adieron:\u201cEl \u00faltimo pago del Pami fue en noviembre y reci\u00e9n ahora se habla de pagar diciembre. Pero el atraso ya est\u00e1 generado y las instituciones siguen acumulando deudas\u201d.<\/p>\n<p>\u201cEn materia de actualizaci\u00f3n de aranceles, nuestros c\u00e1lculos indican que el aumento debe ser cercano al 40%, pero se otorg\u00f3 apenas un 5,8%. Con eso es imposible sostener los costos\u201d, manifestaron.<\/p>\n<p>Y acotaron: \u201cNo hay voluntad de sentarse a analizar la situaci\u00f3n. Cuando planteamos que los aumentos son insuficientes, nos dijeron que si queremos algo diferente vayamos a la Justicia\u201d.<\/p>\n<p>\u201cLa modalidad consiste en el cierre de centros de d\u00eda, escuelas o centros de rehabilitaci\u00f3n por uno o dos d\u00edas. Es una manera de mostrar lo que est\u00e1 pasando\u201d, finalizaron las fuentes.<\/p>\n<h6>Fuente: Puntal<\/h6>\n","protected":false},"excerpt":{"rendered":"<p>Comenz\u00f3 el cese de actividades de los prestadores por incumplimientos que se extiende hasta la semana pr\u00f3xima. Alertan que la situaci\u00f3n pone en riesgo la continuidad de servicios<\/p>\n","protected":false},"author":2,"featured_media":162475,"comment_status":"closed","ping_status":"closed","sticky":false,"template":"","format":"standard","meta":{"footnotes":""},"categories":[5],"tags":[3],"class_list":["post-162474","post","type-post","status-publish","format-standard","has-post-thumbnail","hentry","category-informe-economico","tag-cordoba"],"_links":{"self":[{"href":"http:\/\/argentinamunicipal.com.ar\/argentina\/wp-json\/wp\/v2\/posts\/162474","targetHints":{"allow":["GET"]}}],"collection":[{"href":"http:\/\/argentinamunicipal.com.ar\/argentina\/wp-json\/wp\/v2\/posts"}],"about":[{"href":"http:\/\/argentinamunicipal.com.ar\/argentina\/wp-json\/wp\/v2\/types\/post"}],"author":[{"embeddable":true,"href":"http:\/\/argentinamunicipal.com.ar\/argentina\/wp-json\/wp\/v2\/users\/2"}],"replies":[{"embeddable":true,"href":"http:\/\/argentinamunicipal.com.ar\/argentina\/wp-json\/wp\/v2\/comments?post=162474"}],"version-history":[{"count":1,"href":"http:\/\/argentinamunicipal.com.ar\/argentina\/wp-json\/wp\/v2\/posts\/162474\/revisions"}],"predecessor-version":[{"id":162476,"href":"http:\/\/argentinamunicipal.com.ar\/argentina\/wp-json\/wp\/v2\/posts\/162474\/revisions\/162476"}],"wp:featuredmedia":[{"embeddable":true,"href":"http:\/\/argentinamunicipal.com.ar\/argentina\/wp-json\/wp\/v2\/media\/162475"}],"wp:attachment":[{"href":"http:\/\/argentinamunicipal.com.ar\/argentina\/wp-json\/wp\/v2\/media?parent=162474"}],"wp:term":[{"taxonomy":"category","embeddable":true,"href":"http:\/\/argentinamunicipal.com.ar\/argentina\/wp-json\/wp\/v2\/categories?post=162474"},{"taxonomy":"post_tag","embeddable":true,"href":"http:\/\/argentinamunicipal.com.ar\/argentina\/wp-json\/wp\/v2\/tags?post=162474"}],"curies":[{"name":"wp","href":"https:\/\/api.w.org\/{rel}","templated":true}]}}