{"id":162480,"date":"2026-03-17T05:05:58","date_gmt":"2026-03-17T08:05:58","guid":{"rendered":"http:\/\/argentinamunicipal.com.ar\/argentina\/?p=162480"},"modified":"2026-03-16T19:52:39","modified_gmt":"2026-03-16T22:52:39","slug":"javkin-es-una-verguenza-que-despues-de-once-anos-de-fracasos-tengamos-que-terminar-el-monumento-con-plata-de-santa-fe","status":"publish","type":"post","link":"http:\/\/argentinamunicipal.com.ar\/argentina\/javkin-es-una-verguenza-que-despues-de-once-anos-de-fracasos-tengamos-que-terminar-el-monumento-con-plata-de-santa-fe\/","title":{"rendered":"Javkin: \u00abEs una verg\u00fcenza que despu\u00e9s de once a\u00f1os de fracasos tengamos que terminar el Monumento con plata de Santa Fe\u00bb"},"content":{"rendered":"<p>El intendente celebr\u00f3 la intenci\u00f3n de la provincia de reiniciar los trabajos pero apunt\u00f3 contra la Naci\u00f3n por el abandono de la obra. La provincia busca absorber una deuda de 1.600 millones de pesos y los obreros podr\u00edan volver a trabajar antes del 25 de marzo. La meta es tener todo listo para el 20 de junio<\/p>\n<p>Despu\u00e9s de once a\u00f1os de anuncios, promesas incumplidas y al menos tres frenadas abruptas, el Monumento a la Bandera tiene un nuevo plan para llegar a buen puerto. El gobierno nacional est\u00e1 a punto de cederle la potestad de la obra a la provincia de Santa Fe, que a partir de ahora se har\u00e1 cargo de completar el 28 por ciento de los trabajos pendientes y tambi\u00e9n absorber\u00e1 la deuda de 1.600 millones de pesos que la Naci\u00f3n mantiene con la constructora Dyscon.<\/p>\n<p>El intendente Pablo Javkin celebr\u00f3 que la obra se reactive, pero no ahorr\u00f3 cr\u00edticas hacia Naci\u00f3n. \u00abOnce a\u00f1os llevamos con este tema, renegando con gobiernos de todos los colores. Es una verg\u00fcenza que tenga que venir la provincia a poner la plata para terminar algo que tendr\u00eda que estar listo hace rato\u00bb, lanz\u00f3 Javkin.<\/p>\n<p>El gobierno nacional est\u00e1 a un paso de transferir a la provincia de Santa Fe la responsabilidad de finalizar la restauraci\u00f3n del Monumento a la Bandera, que permanece paralizada desde principios de marzo. La decisi\u00f3n avanza luego de que la Naci\u00f3n acumulara una deuda de 1.600 millones de pesos con la empresa Dyscon, a cargo de los trabajos. El ministro de Obras P\u00fablicas de la provincia Lisandro Enrico, le confirm\u00f3 a\u00a0El Ciudadano\u00a0que la intendi\u00f3n del gobernador es terminar la obra, pero que todav\u00eda falta terminar de elaborar y firmar el convenio respectivo.<\/p>\n<p>\u00abSi esto fuera el Obelisco, lo hubieran hecho siete veces ya. Pero como es el Monumento a la Bandera y est\u00e1 en el interior, parece que dos mil millones de pesos son imposibles de afrontar para la Naci\u00f3n\u00bb, agreg\u00f3 Javkin.<\/p>\n<p>La constructora hab\u00eda detenido las tareas por falta de pago de certificados de obra. Con el traspaso, el gobernador Maximiliano Pullaro asumir\u00eda el control para completar el 28 por ciento de la obra que resta ejecutar.<\/p>\n<p>La estimaci\u00f3n oficial es que los operarios puedan regresar al Monumento hacia el 25 de marzo. Los trabajos demandar\u00e1n aproximadamente dos meses y medio, por lo que la meta es tener el monumento renovado para el 20 de junio, D\u00eda de la Bandera.<\/p>\n<p>Pullaro hab\u00eda anticipado sus intenciones cuando declar\u00f3 p\u00fablicamente que ir\u00eda a Buenos Aires a pedirle al ministro del Interior, Diego Santilli, que le cedieran la obra. \u00abQueremos terminarlo nosotros\u00bb, hab\u00eda se\u00f1alado el mandatario d\u00edas atr\u00e1s.<\/p>\n<p>Mariano Schor, titular de Dyscon, asegur\u00f3 que la empresa est\u00e1 en condiciones de retomar las tareas en un plazo de 48 horas una vez que se regularice la situaci\u00f3n administrativa y se garanticen los pagos.<\/p>\n<p>El traspaso tambi\u00e9n encontr\u00f3 respaldo en el Congreso. Un grupo de diez diputados nacionales por Santa Fe, de distintos bloques, hab\u00eda presentado un proyecto para urgir a la Naci\u00f3n a resolver el conflicto, lo que aceler\u00f3 los tiempos pol\u00edticos de la cesi\u00f3n.<\/p>\n<p>Con un avance del 72 por ciento de la obra ya ejecutado, la provincia deber\u00e1 invertir aproximadamente 1.500 millones de pesos para cubrir lo que falta. Si se le suma la deuda,\u00a0 la inversi\u00f3n del gobierno provincial superar\u00e1 los 3 mil millones.<\/p>\n<h6>Fuente: El Ciudadano<\/h6>\n","protected":false},"excerpt":{"rendered":"<p>El intendente celebr\u00f3 la intenci\u00f3n de la provincia de reiniciar los trabajos pero apunt\u00f3 contra la Naci\u00f3n por el abandono de la obra.<\/p>\n","protected":false},"author":2,"featured_media":162481,"comment_status":"closed","ping_status":"closed","sticky":false,"template":"","format":"standard","meta":{"footnotes":""},"categories":[4],"tags":[10],"class_list":["post-162480","post","type-post","status-publish","format-standard","has-post-thumbnail","hentry","category-informe-politico","tag-santa-fe"],"_links":{"self":[{"href":"http:\/\/argentinamunicipal.com.ar\/argentina\/wp-json\/wp\/v2\/posts\/162480","targetHints":{"allow":["GET"]}}],"collection":[{"href":"http:\/\/argentinamunicipal.com.ar\/argentina\/wp-json\/wp\/v2\/posts"}],"about":[{"href":"http:\/\/argentinamunicipal.com.ar\/argentina\/wp-json\/wp\/v2\/types\/post"}],"author":[{"embeddable":true,"href":"http:\/\/argentinamunicipal.com.ar\/argentina\/wp-json\/wp\/v2\/users\/2"}],"replies":[{"embeddable":true,"href":"http:\/\/argentinamunicipal.com.ar\/argentina\/wp-json\/wp\/v2\/comments?post=162480"}],"version-history":[{"count":1,"href":"http:\/\/argentinamunicipal.com.ar\/argentina\/wp-json\/wp\/v2\/posts\/162480\/revisions"}],"predecessor-version":[{"id":162482,"href":"http:\/\/argentinamunicipal.com.ar\/argentina\/wp-json\/wp\/v2\/posts\/162480\/revisions\/162482"}],"wp:featuredmedia":[{"embeddable":true,"href":"http:\/\/argentinamunicipal.com.ar\/argentina\/wp-json\/wp\/v2\/media\/162481"}],"wp:attachment":[{"href":"http:\/\/argentinamunicipal.com.ar\/argentina\/wp-json\/wp\/v2\/media?parent=162480"}],"wp:term":[{"taxonomy":"category","embeddable":true,"href":"http:\/\/argentinamunicipal.com.ar\/argentina\/wp-json\/wp\/v2\/categories?post=162480"},{"taxonomy":"post_tag","embeddable":true,"href":"http:\/\/argentinamunicipal.com.ar\/argentina\/wp-json\/wp\/v2\/tags?post=162480"}],"curies":[{"name":"wp","href":"https:\/\/api.w.org\/{rel}","templated":true}]}}