{"id":162487,"date":"2026-03-17T06:26:35","date_gmt":"2026-03-17T09:26:35","guid":{"rendered":"http:\/\/argentinamunicipal.com.ar\/argentina\/?p=162487"},"modified":"2026-03-17T06:26:35","modified_gmt":"2026-03-17T09:26:35","slug":"con-la-reforma-propuesta-a-la-ley-tanto-los-glaciares-como-el-ambiente-periglacial-pierden-su-proteccion-integral","status":"publish","type":"post","link":"http:\/\/argentinamunicipal.com.ar\/argentina\/con-la-reforma-propuesta-a-la-ley-tanto-los-glaciares-como-el-ambiente-periglacial-pierden-su-proteccion-integral\/","title":{"rendered":"\u00abCon la reforma propuesta a la ley, tanto los glaciares como el ambiente periglacial pierden su protecci\u00f3n integral\u00bb"},"content":{"rendered":"<p>Un experto del CONICET analiza los los riesgos que generar\u00eda la reforma para estos ecosistemas y desmenuza las posibles consecuencias.<\/p>\n<p>Son semanas clave en torno a la Ley de Glaciares. Tras lograr a fines de febrero la media sanci\u00f3n en el Senado de la\u00a0reforma, el oficialismo debi\u00f3 aceptar la convocatoria de una\u00a0audiencia p\u00fablica\u00a0para los d\u00edas 25 y 26 de marzo de 2026. A d\u00edas de su lanzamiento,\u00a0ya hay m\u00e1s de 18 mil inscriptos para participar.<\/p>\n<p>Lo que pretend\u00edan desde el Ejecutivo que fuera un tr\u00e1mite express deber\u00e1 esperar. Si bien\u00a0la audiencia no es vinculante, se espera que la ciudadan\u00eda se exprese -a favor o en contra de la modificaci\u00f3n-, y generar mayor debate en la antesala de la votaci\u00f3n en la c\u00e1mara baja, que pasar\u00eda para luego de Semana Santa.<\/p>\n<p>En di\u00e1logo con la\u00a0Agencia CTyS-UNLaM, el doctor en Ciencias Geol\u00f3gicas, Mateo Martini, investigador asistente en el\u00a0CONICET-UNC, alert\u00f3 sobre la p\u00e9rdida de protecci\u00f3n que sufrir\u00edan los glaciares ante las modificaciones de la ley, el rol clave del\u00a0IANIGLA\u00a0en la toma de decisiones y el car\u00e1cter estrat\u00e9gico de las reservas de agua dulce.<\/p>\n<p>De las principales diferencias entre la Ley de Glaciares vigente y la reforma que propone el Gobierno, \u00bfcu\u00e1les son aquellos puntos que generan m\u00e1s preocupaci\u00f3n en el \u00e1rea cient\u00edfica?<\/p>\n<p>A partir de la actual\u00a0Ley de Glaciares\u00a0se realiz\u00f3 un\u00a0Inventario Nacional de Glaciares\u00a0a cargo del Instituto Argentino de Nivolog\u00eda, Glaciolog\u00eda y Ciencias Ambientales (IANIGLA) en coordinaci\u00f3n con las provincias.\u00a0Hoy en d\u00eda, tanto los glaciares como el ambiente periglacial est\u00e1n protegidos por esta ley y sobre ellos no se pueden desarrollar actividades que modifiquen su condici\u00f3n natural.<\/p>\n<p>Con la reforma propuesta a la ley, tanto los glaciares como el ambiente periglacial pierden su protecci\u00f3n integral que mantienen hasta hoy. Las provincias pueden solicitar que ciertas geoformas sean exclu\u00eddas del Inventario Nacional de Glaciares si consideran que no cumplen con las funciones de reserva estrat\u00e9gica de recursos h\u00eddricos y como proveedoras de agua para la recarga de cuencas hidrogr\u00e1ficas.<\/p>\n<p>De esta manera, tanto glaciares como glaciares de escombros (ambiente periglacial) pueden ser removidos total o parcialmente debido a actividades antr\u00f3picas modificando notablemente el ambiente de la cri\u00f3sfera de monta\u00f1a, que es particularmente sensible a perturbaciones externas. Adem\u00e1s, le quita al IANIGLA el poder de decisi\u00f3n sobre el inventario, siendo este un instituto con amplia trayectoria y reconocimiento en la tem\u00e1tica que cuenta con investigadores y t\u00e9cnicos de reconocimiento mundial.<\/p>\n<p>\u00bfQu\u00e9 papel juegan los glaciares y las zonas periglaciares como reservas de agua dulce y c\u00f3mo podr\u00eda afectarlos una modificaci\u00f3n que reduzca su protecci\u00f3n?<\/p>\n<p>La Cordillera de los Andes en Argentina tiene una amplia variedad de geoformas de origen glaciar y periglacial.\u00a0Las periglaciares, como los glaciares de escombros o glaciares de roca,\u00a0son m\u00e1s abundantes en las regiones de clima \u00e1rido a semi\u00e1rido, ya que en ellas el hielo se preserva debajo de la superficie. Es en estos ambientes donde juegan un rol fundamental en la hidrol\u00f3gica de sistemas monta\u00f1osos, ya que\u00a0son el reservorio de agua en estado s\u00f3lido y l\u00edquido, y act\u00faan como reguladores de caudales.<\/p>\n<p>Los glaciares y las geoformas periglaciales constituyen un sistema hidrol\u00f3gico interdependiente, por lo que cualquier modificaci\u00f3n influye en su conjunto. Las alteraciones en estos elementos pueden provocar impactos significativos en el r\u00e9gimen hidrol\u00f3gico, la din\u00e1mica geomorfol\u00f3gica y el equilibrio ecol\u00f3gico de las cuencas de monta\u00f1a. La g\u00e9nesis de un glaciar requiere de per\u00edodos que abarcan desde cientos hasta miles de a\u00f1os, mientras que su perturbaci\u00f3n puede originar transformaciones abruptas e irreversibles.<\/p>\n<p>El proyecto apunta a otorgar mayores facultades de decisi\u00f3n a las provincias. \u00bfQu\u00e9 consecuencias podr\u00edan ocurrir en ese enfoque federalista aplicado a la gesti\u00f3n de los glaciares? \u00bfCuentan las provincias con las suficientes evaluaciones ambientales?<\/p>\n<p>La mayor\u00eda de las provincias carece de especialistas y recursos t\u00e9cnicos para estudios complejos sobre la cri\u00f3sfera de monta\u00f1a, que requieren largos per\u00edodos de monitoreo. Considero que\u00a0cualquier modificaci\u00f3n de la ley deber\u00eda ser m\u00e1s espec\u00edfica respecto a la metodolog\u00eda y sobre las instituciones u organismos involucrados en la toma de decisiones. En este sentido, se deber\u00eda incluir al IANIGLA en el proceso.<\/p>\n<p>\u00bfQu\u00e9 expectativas tienen en la comunidad cient\u00edfica para la sesi\u00f3n en Diputados? Teniendo en cuenta que falta poco para la audiencia p\u00fablica y que ser\u00e1 masiva<\/p>\n<p>Espero que haya un amplio debate y se revean las modificaciones propuestas. Se considere al ambiente glaciar y periglacial como un sistema integrado y no con geoformas aisladas.\u00a0Esperamos que en los procesos de toma de decisiones sean parte organismos cient\u00edficos y t\u00e9cnicos especializados en la tem\u00e1tica.<\/p>\n<p><strong>\u00bfC\u00f3mo participar de la audiencia p\u00fablica?<\/strong><br \/>\nSeg\u00fan lo publicado en el Bolet\u00edn Oficial, habr\u00e1 dos modalidades de participaci\u00f3n: presencial y virtual. As\u00ed, est\u00e1 previsto que el\u00a025 de marzo de 2026, quienes est\u00e9n inscriptos podr\u00e1n exponer presencialmente en la sala 2 del segundo piso del anexo C de la C\u00e1mara de Diputados, CABA, mientras que el 26 de marzo ser\u00e1 virtual, en el mismo horario.<\/p>\n<p>No es necesario ser experto en el tema para participar, cada expositor tendr\u00e1 m\u00e1ximo cinco minutos y tambi\u00e9n se puede enviar una ponencia escrita al correo de la\u00a0Comisi\u00f3n de Recursos Naturales y Conservaci\u00f3n del Ambiente Humano\u00a0(crnaturales@hcdn.gob.ar).<\/p>\n<h6>Fuente: Tucum\u00e1n Hoy<\/h6>\n","protected":false},"excerpt":{"rendered":"<p>Un experto del CONICET analiza los los riesgos que generar\u00eda la reforma para estos ecosistemas y desmenuza las posibles consecuencias<\/p>\n","protected":false},"author":2,"featured_media":162489,"comment_status":"closed","ping_status":"closed","sticky":false,"template":"","format":"standard","meta":{"footnotes":""},"categories":[8],"tags":[21],"class_list":["post-162487","post","type-post","status-publish","format-standard","has-post-thumbnail","hentry","category-informe-nacional","tag-argentina"],"_links":{"self":[{"href":"http:\/\/argentinamunicipal.com.ar\/argentina\/wp-json\/wp\/v2\/posts\/162487","targetHints":{"allow":["GET"]}}],"collection":[{"href":"http:\/\/argentinamunicipal.com.ar\/argentina\/wp-json\/wp\/v2\/posts"}],"about":[{"href":"http:\/\/argentinamunicipal.com.ar\/argentina\/wp-json\/wp\/v2\/types\/post"}],"author":[{"embeddable":true,"href":"http:\/\/argentinamunicipal.com.ar\/argentina\/wp-json\/wp\/v2\/users\/2"}],"replies":[{"embeddable":true,"href":"http:\/\/argentinamunicipal.com.ar\/argentina\/wp-json\/wp\/v2\/comments?post=162487"}],"version-history":[{"count":1,"href":"http:\/\/argentinamunicipal.com.ar\/argentina\/wp-json\/wp\/v2\/posts\/162487\/revisions"}],"predecessor-version":[{"id":162490,"href":"http:\/\/argentinamunicipal.com.ar\/argentina\/wp-json\/wp\/v2\/posts\/162487\/revisions\/162490"}],"wp:featuredmedia":[{"embeddable":true,"href":"http:\/\/argentinamunicipal.com.ar\/argentina\/wp-json\/wp\/v2\/media\/162489"}],"wp:attachment":[{"href":"http:\/\/argentinamunicipal.com.ar\/argentina\/wp-json\/wp\/v2\/media?parent=162487"}],"wp:term":[{"taxonomy":"category","embeddable":true,"href":"http:\/\/argentinamunicipal.com.ar\/argentina\/wp-json\/wp\/v2\/categories?post=162487"},{"taxonomy":"post_tag","embeddable":true,"href":"http:\/\/argentinamunicipal.com.ar\/argentina\/wp-json\/wp\/v2\/tags?post=162487"}],"curies":[{"name":"wp","href":"https:\/\/api.w.org\/{rel}","templated":true}]}}