{"id":162494,"date":"2026-03-17T17:29:50","date_gmt":"2026-03-17T20:29:50","guid":{"rendered":"http:\/\/argentinamunicipal.com.ar\/argentina\/?p=162494"},"modified":"2026-03-17T06:32:27","modified_gmt":"2026-03-17T09:32:27","slug":"los-trabajadores-y-la-dictadura-multiples-actividades-en-la-carpa-de-la-resistencia-en-rosario","status":"publish","type":"post","link":"http:\/\/argentinamunicipal.com.ar\/argentina\/los-trabajadores-y-la-dictadura-multiples-actividades-en-la-carpa-de-la-resistencia-en-rosario\/","title":{"rendered":"Los trabajadores y la dictadura: m\u00faltiples actividades en la carpa de la resistencia en Rosario"},"content":{"rendered":"<p>Sindicatos organizan charlas, ollas populares y n\u00fameros musicales desde el martes al jueves en Plaza San Mart\u00edn<\/p>\n<p>En el marco de las actividades previas al D\u00eda de la Memoria, un colectivo de sindicatos instalar\u00e1 en la plaza San Mart\u00edn la \u201cCarpa de la resistencia\u201d, en la que se desarrollar\u00e1n actividades de divulgaci\u00f3n y lucha relacionadas con los 50 a\u00f1os del golpe de 1976. Se realizar\u00e1 los d\u00edas 17, 18 y 19 de marzo.<\/p>\n<p>La apertura ser\u00e1 el martes a las 12 y luego se realizar\u00e1n dos charlas: a las 14, Andrea And\u00fajar y Victoria Basualdo hablar\u00e1n sobre el pasado y presente de la clase trabajadora en Argentina, y a las 16 Marianela Scocco, Andr\u00e9s Carminatti y Armando Cassinera disertar\u00e1n sobre \u201cTrabajadores en dictadura: entre la represi\u00f3n y la resistencia\u201d. El cierre de esa jornada ser\u00e1 a las 20 hs con actividades culturales y m\u00fasica en vivo (Lorena Bogado).<\/p>\n<p>Los sindicatos convocantes son ATE Rosario, CTA A Rosario, Soear, Coad, Siconara, Somu, Supa, Cadetes, Fesprosa. El martes a las 12 se realizar\u00e1 a la inauguraci\u00f3n.<\/p>\n<p>El Mi\u00e9rcoles, tras participar a las 11 hs de la acci\u00f3n de las y los jubilados en Iapos, la carpa reabrir\u00e1 a las 12 con una olla popular con las organizaciones sociales, de 12.30 a 14.40 habr\u00e1 radio en vivo con la \u201cLa materia impertinente\u201d, mientras que a las 16 habr\u00e1 un panel as con trabajadores mar\u00edtimos, portuarios y del Senasa. A las 18 se realizar\u00e1 una charla sobre la lucha por el salario en el marco de las pol\u00edticas de ajuste y de la reforma laboral. El cierre del d\u00eda ser\u00e1 con un ruidazo a las 20 hs.<\/p>\n<p>El Jueves 19, y en el marco de la semana de paro de la docencia universitaria, Coad realizar\u00e1 talleres. De 10 a 12 sobre \u201cGenocidio, memoria y democracia\u201d, y a las 15 habr\u00e1 una actividad con estudiantes y de 18 a 20 Daniel Feierstein, Matilde Bruera y Jesica Pellegrini disertar\u00e1n sobre \u201c\u00bfPor qu\u00e9 el genocidio? Memoria y discursos de odio en democracia\u201d. El Sexteto Vendaval har\u00e1 el cierre musical.<\/p>\n<p><strong>Derecho y La Bancaria<\/strong><br \/>\nLa ciudad se convertir\u00e1 esta semana en escenario de m\u00faltiples actividades, en la previa del D\u00eda de la Memoria, Verdad y Justicia. El mi\u00e9rcoles 18, a las 18.30 hs en el aula 3 de la Facultad de Derecho de la UNR, Ana Mar\u00eda Figueroa, Lavih Abraham, Fernando Ros\u00faa y Martha Andrada dialogar\u00e1n sobre la pregunta: \u201cA cincuenta a\u00f1os del golpe genocida, \u00bfQu\u00e9 Argentina tenemos hoy?\u201d.<\/p>\n<p>El viernes 20 a las 17 hs, en La Bancaria, San Lorenzo 1383, se realizar\u00e1 una charla sobre \u201cBalances, desaf\u00edos y perspectivas del sindicalismo argentino\u201d, a cincuenta a\u00f1os del golpe. Estar\u00e1 a cargo de Sergio Rivolta, Alberto Botto, Walter Palombi, Miguel Vivas, Anal\u00eda Ratner y Silvia Simonassi. Coordina Patricia Flier.<\/p>\n<p><strong>F\u00fatbol y memoria<\/strong><br \/>\nPor su parte, el viernes 20 a las 20 horas en La Popular, Santa Fe y Sarmiento, Kurt Lutman, Juan Cruz Komar, Nacho Bogino, Virginia Benedetto y representantes de Nietes hablar\u00e1n de memoria, verdad y cultura en el panel \u201cJugar y tocar de memoria\u201d.<\/p>\n<p>La actividad tendr\u00e1 tambi\u00e9n habr\u00e1 un bloque musical a cargo de Marcos Migoni, Lucas Moroncini y Nacho Porcel.<\/p>\n<h6>Fuente: La Capital<\/h6>\n","protected":false},"excerpt":{"rendered":"<p>Sindicatos organizan charlas, ollas populares y n\u00fameros musicales desde el martes al jueves en Plaza San Mart\u00edn<\/p>\n","protected":false},"author":2,"featured_media":162495,"comment_status":"closed","ping_status":"closed","sticky":false,"template":"","format":"standard","meta":{"footnotes":""},"categories":[2],"tags":[10],"class_list":["post-162494","post","type-post","status-publish","format-standard","has-post-thumbnail","hentry","category-informe-municipal","tag-santa-fe"],"_links":{"self":[{"href":"http:\/\/argentinamunicipal.com.ar\/argentina\/wp-json\/wp\/v2\/posts\/162494","targetHints":{"allow":["GET"]}}],"collection":[{"href":"http:\/\/argentinamunicipal.com.ar\/argentina\/wp-json\/wp\/v2\/posts"}],"about":[{"href":"http:\/\/argentinamunicipal.com.ar\/argentina\/wp-json\/wp\/v2\/types\/post"}],"author":[{"embeddable":true,"href":"http:\/\/argentinamunicipal.com.ar\/argentina\/wp-json\/wp\/v2\/users\/2"}],"replies":[{"embeddable":true,"href":"http:\/\/argentinamunicipal.com.ar\/argentina\/wp-json\/wp\/v2\/comments?post=162494"}],"version-history":[{"count":1,"href":"http:\/\/argentinamunicipal.com.ar\/argentina\/wp-json\/wp\/v2\/posts\/162494\/revisions"}],"predecessor-version":[{"id":162496,"href":"http:\/\/argentinamunicipal.com.ar\/argentina\/wp-json\/wp\/v2\/posts\/162494\/revisions\/162496"}],"wp:featuredmedia":[{"embeddable":true,"href":"http:\/\/argentinamunicipal.com.ar\/argentina\/wp-json\/wp\/v2\/media\/162495"}],"wp:attachment":[{"href":"http:\/\/argentinamunicipal.com.ar\/argentina\/wp-json\/wp\/v2\/media?parent=162494"}],"wp:term":[{"taxonomy":"category","embeddable":true,"href":"http:\/\/argentinamunicipal.com.ar\/argentina\/wp-json\/wp\/v2\/categories?post=162494"},{"taxonomy":"post_tag","embeddable":true,"href":"http:\/\/argentinamunicipal.com.ar\/argentina\/wp-json\/wp\/v2\/tags?post=162494"}],"curies":[{"name":"wp","href":"https:\/\/api.w.org\/{rel}","templated":true}]}}