{"id":162504,"date":"2026-03-17T19:24:32","date_gmt":"2026-03-17T22:24:32","guid":{"rendered":"http:\/\/argentinamunicipal.com.ar\/argentina\/?p=162504"},"modified":"2026-03-17T19:24:32","modified_gmt":"2026-03-17T22:24:32","slug":"santa-fe-estado-de-alerta-y-movilizacion-por-nuevas-restricciones-al-derecho-laboral-municipal","status":"publish","type":"post","link":"http:\/\/argentinamunicipal.com.ar\/argentina\/santa-fe-estado-de-alerta-y-movilizacion-por-nuevas-restricciones-al-derecho-laboral-municipal\/","title":{"rendered":"Santa Fe: Estado de Alerta y Movilizaci\u00f3n por nuevas restricciones al Derecho Laboral Municipal"},"content":{"rendered":"<p>El Senado de nuestra Provincia dio media sanci\u00f3n al Proyecto de Ley Org\u00e1nica para Municipios y ha pasado a Diputados para su tratamiento en los pr\u00f3ximos d\u00edas.<\/p>\n<p>El oficialismo pretende bloquear su tratamiento en las comisiones de la c\u00e1mara baja y lograr una inexplicable r\u00e1pida sanci\u00f3n a una norma que evidencia inconsistencias, vac\u00edos legales y omisiones sustanciales, repitiendo as\u00ed su l\u00f3gica antidemocr\u00e1tica, evidenciada en el tratamiento de otras normas como la reforma previsional, la ley de necesidad de reforma constitucional, entre otras.<\/p>\n<p>Es fundamental que dicha norma sea abordada en las distintas Comisiones de la C\u00e1mara de Diputados, y habilite un an\u00e1lisis m\u00e1s pormenorizado y plural, teniendo en cuenta que existen otros proyectos que plantean con mucha m\u00e1s precisi\u00f3n los alcances de dicha normativa, particularmente para el conjunto de los trabajadores y trabajadoras municipales.<\/p>\n<p>La centralidad y el fundamento de esta petici\u00f3n radica en la necesidad de clarificar cuestiones que a priori resultan antag\u00f3nicas o confusas; donde podemos mencionar espec\u00edficamente que mientras en el Art\u00edculo 15 se hace menci\u00f3n al empleo p\u00fablico municipal, por otro lado no se deja en claro la vigencia del actual R\u00e9gimen de Negociaci\u00f3n Colectiva; la vigencia como piso b\u00e1sico sustancial de la Ley de Estatuto y Escalaf\u00f3n, el R\u00e9gimen de Licencias y Franquicias y los Comit\u00e9s Mixtos de Seguridad e Higiene en los \u00e1mbitos laborales, cuestiones estas que en las reuniones que hemos realizado con distintos legisladores de diferentes partidos, planteamos\u00a0 que el texto deje en claro los derechos ya consagrados constitucionalmente.<\/p>\n<p>En los hechos estas situaciones van a generar m\u00faltiples reclamos administrativos y jurisdiccionales pues entrar\u00e1n en franca contradicci\u00f3n, junto con las Cartas Org\u00e1nicas Municipales -que siguiendo dicha l\u00f3gica se dicten- con la propia Constituci\u00f3n Nacional.<\/p>\n<p>Venimos advirtiendo que esta metodolog\u00eda para la sanci\u00f3n de las leyes que impulsa el Poder Ejecutivo Provincial resulta contraproducente para la convivencia social. Nuestra Declaraci\u00f3n del Estado de Alerta y Movilizaci\u00f3n es la se\u00f1al de que estamos nuevamente en presencia de decisiones del Ejecutivo Provincial que detr\u00e1s de las edulcoradas declaraciones de los funcionarios y legisladores, se sigue sosteniendo y profundizando un modelo laboral, absolutamente funcional, a las pol\u00edticas de Javier Milei.<\/p>\n<h6>Prensa FESTRAM<\/h6>\n<p>&nbsp;<\/p>\n","protected":false},"excerpt":{"rendered":"<p>El Senado de nuestra Provincia dio media sanci\u00f3n al Proyecto de Ley Org\u00e1nica para Municipios y ha pasado a Diputados para su tratamiento en los pr\u00f3ximos d\u00edas.<\/p>\n","protected":false},"author":2,"featured_media":162505,"comment_status":"closed","ping_status":"closed","sticky":false,"template":"","format":"standard","meta":{"footnotes":""},"categories":[7],"tags":[10],"class_list":["post-162504","post","type-post","status-publish","format-standard","has-post-thumbnail","hentry","category-informe-sindical","tag-santa-fe"],"_links":{"self":[{"href":"http:\/\/argentinamunicipal.com.ar\/argentina\/wp-json\/wp\/v2\/posts\/162504","targetHints":{"allow":["GET"]}}],"collection":[{"href":"http:\/\/argentinamunicipal.com.ar\/argentina\/wp-json\/wp\/v2\/posts"}],"about":[{"href":"http:\/\/argentinamunicipal.com.ar\/argentina\/wp-json\/wp\/v2\/types\/post"}],"author":[{"embeddable":true,"href":"http:\/\/argentinamunicipal.com.ar\/argentina\/wp-json\/wp\/v2\/users\/2"}],"replies":[{"embeddable":true,"href":"http:\/\/argentinamunicipal.com.ar\/argentina\/wp-json\/wp\/v2\/comments?post=162504"}],"version-history":[{"count":1,"href":"http:\/\/argentinamunicipal.com.ar\/argentina\/wp-json\/wp\/v2\/posts\/162504\/revisions"}],"predecessor-version":[{"id":162506,"href":"http:\/\/argentinamunicipal.com.ar\/argentina\/wp-json\/wp\/v2\/posts\/162504\/revisions\/162506"}],"wp:featuredmedia":[{"embeddable":true,"href":"http:\/\/argentinamunicipal.com.ar\/argentina\/wp-json\/wp\/v2\/media\/162505"}],"wp:attachment":[{"href":"http:\/\/argentinamunicipal.com.ar\/argentina\/wp-json\/wp\/v2\/media?parent=162504"}],"wp:term":[{"taxonomy":"category","embeddable":true,"href":"http:\/\/argentinamunicipal.com.ar\/argentina\/wp-json\/wp\/v2\/categories?post=162504"},{"taxonomy":"post_tag","embeddable":true,"href":"http:\/\/argentinamunicipal.com.ar\/argentina\/wp-json\/wp\/v2\/tags?post=162504"}],"curies":[{"name":"wp","href":"https:\/\/api.w.org\/{rel}","templated":true}]}}