{"id":16273,"date":"2014-10-13T07:15:33","date_gmt":"2014-10-13T10:15:33","guid":{"rendered":"http:\/\/argentinamunicipal.com.ar\/argentina\/?p=16273"},"modified":"2014-10-10T11:22:41","modified_gmt":"2014-10-10T14:22:41","slug":"cordoba-una-idea-sustentable-que-puede-revitalizar-barrio-guemes","status":"publish","type":"post","link":"http:\/\/argentinamunicipal.com.ar\/argentina\/cordoba-una-idea-sustentable-que-puede-revitalizar-barrio-guemes\/","title":{"rendered":"C\u00f3rdoba: Una idea sustentable que puede revitalizar barrio G\u00fcemes"},"content":{"rendered":"<div id=\"attachment_16274\" style=\"width: 746px\" class=\"wp-caption aligncenter\"><a href=\"http:\/\/argentinamunicipal.com.ar\/argentina\/wp-content\/uploads\/2014\/10\/guemes1_0.jpg\"><img loading=\"lazy\" decoding=\"async\" aria-describedby=\"caption-attachment-16274\" class=\" wp-image-16274\" src=\"http:\/\/argentinamunicipal.com.ar\/argentina\/wp-content\/uploads\/2014\/10\/guemes1_0.jpg\" alt=\"G\u00dcEMES. El proyecto de construcci\u00f3n de viviendas adaptables y sustentables\" width=\"736\" height=\"414\" srcset=\"http:\/\/argentinamunicipal.com.ar\/argentina\/wp-content\/uploads\/2014\/10\/guemes1_0.jpg 980w, http:\/\/argentinamunicipal.com.ar\/argentina\/wp-content\/uploads\/2014\/10\/guemes1_0-300x168.jpg 300w\" sizes=\"auto, (max-width: 736px) 100vw, 736px\" \/><\/a><p id=\"caption-attachment-16274\" class=\"wp-caption-text\">G\u00dcEMES. El proyecto de construcci\u00f3n de viviendas adaptables y sustentables<\/p><\/div>\n<p>Fue dise\u00f1ada por dos estudiantes de arquitectura. Se trata de viviendas \u00abverdes\u00bb que suman espacio p\u00fablico, reciclan agua y producen energ\u00eda. La inicitativa fue premiada en Colombia.<\/p>\n<p>Pensar la ciudad desde un punto de vista sustentable es la cuesti\u00f3n. Y bajo esa consigna, Maya Wilberger y Luc\u00eda Zunino desarrollaron un proyecto de viviendas sustentables para barrio G\u00fcemes, ubicado a pocas cuadras del centro de C\u00f3rdoba.<\/p>\n<p>Maya y Luc\u00eda son estudiantes de la Facultad de Arquitectura y Dise\u00f1o de la Universidad Nacional de C\u00f3rdoba. En la c\u00e1tedra Arquitectura 5 desarrollaron \u00abDen-city, regeneraci\u00f3n urbana a trav\u00e9s de la densificaci\u00f3n\u00bb. \u00abDen-city\u00bb es un juego de palabras en ingl\u00e9s, que suma densidad y ciudad en una sola expresi\u00f3n.<\/p>\n<div id=\"attachment_16275\" style=\"width: 575px\" class=\"wp-caption aligncenter\"><a href=\"http:\/\/argentinamunicipal.com.ar\/argentina\/wp-content\/uploads\/2014\/10\/guemes.jpg\"><img loading=\"lazy\" decoding=\"async\" aria-describedby=\"caption-attachment-16275\" class=\"size-full wp-image-16275\" src=\"http:\/\/argentinamunicipal.com.ar\/argentina\/wp-content\/uploads\/2014\/10\/guemes.jpg\" alt=\"VISTA A\u00c9REA. As\u00ed se aprovechar\u00edan los espacios que quedan entre los edificios para obtener metros verdes \" width=\"565\" height=\"318\" srcset=\"http:\/\/argentinamunicipal.com.ar\/argentina\/wp-content\/uploads\/2014\/10\/guemes.jpg 565w, http:\/\/argentinamunicipal.com.ar\/argentina\/wp-content\/uploads\/2014\/10\/guemes-300x168.jpg 300w\" sizes=\"auto, (max-width: 565px) 100vw, 565px\" \/><\/a><p id=\"caption-attachment-16275\" class=\"wp-caption-text\">VISTA A\u00c9REA. As\u00ed se aprovechar\u00edan los espacios que quedan entre los edificios para obtener metros verdes<\/p><\/div>\n<p>Las j\u00f3venes tomaron un sector de G\u00fcemes, delimitado por avenida Pueyrred\u00f3n, La Ca\u00f1ada y los predios de la exvilla El Pocito.<\/p>\n<p>\u00abEs un proyecto de densificaci\u00f3n y regeneraci\u00f3n de tejidos en barrio G\u00fcemes. Intentamos reinterpretar el modo de habitar de la gente que vive all\u00ed, proponiendo una vivienda comunitaria que respete su idiosincrasia\u00bb, explica Luc\u00eda.<\/p>\n<p>\u00abRetomamos la cuesti\u00f3n de los intersticios urbanos como Casa Tomada, situaciones que se generan en ese barrio, y la idea es volver a construir la manzana con una densidad mayor\u00bb, agrega.<\/p>\n<div id=\"attachment_16276\" style=\"width: 575px\" class=\"wp-caption aligncenter\"><a href=\"http:\/\/argentinamunicipal.com.ar\/argentina\/wp-content\/uploads\/2014\/10\/guemes2.jpg\"><img loading=\"lazy\" decoding=\"async\" aria-describedby=\"caption-attachment-16276\" class=\"size-full wp-image-16276\" src=\"http:\/\/argentinamunicipal.com.ar\/argentina\/wp-content\/uploads\/2014\/10\/guemes2.jpg\" alt=\"DESDE LA CALLE. As\u00ed se ver\u00edan los edificios sustentables en barrio G\u00fcemes\" width=\"565\" height=\"318\" srcset=\"http:\/\/argentinamunicipal.com.ar\/argentina\/wp-content\/uploads\/2014\/10\/guemes2.jpg 565w, http:\/\/argentinamunicipal.com.ar\/argentina\/wp-content\/uploads\/2014\/10\/guemes2-300x168.jpg 300w\" sizes=\"auto, (max-width: 565px) 100vw, 565px\" \/><\/a><p id=\"caption-attachment-16276\" class=\"wp-caption-text\">DESDE LA CALLE. As\u00ed se ver\u00edan los edificios sustentables en barrio G\u00fcemes<\/p><\/div>\n<p>Maya subraya que barrio G\u00fcemes \u00abva tomando la forma de Nueva C\u00f3rdoba\u00bb. \u00abPor eso pensamos que deber\u00eda ser densificado de otra forma, y dentro de la planificaci\u00f3n urbana, le dimos mucho valor al espacio p\u00fablico por persona. Entonces, tenemos tres componentes: el equipamiento o dispositivo, el espacio p\u00fablico y la vivienda colectiva en altura, que a su vez tiene la posibilidad de ser flexible o expandible seg\u00fan las necesidades de la familia\u00bb, detalla.<\/p>\n<p>El proyecto plantea los dispositivos, que son estructuras donde se reciclan los residuos y se genera energ\u00eda. Esos edificios adem\u00e1s funcionan como medianeras, permitiendo dar forma a la manzana.<\/p>\n<div id=\"attachment_16277\" style=\"width: 575px\" class=\"wp-caption aligncenter\"><a href=\"http:\/\/argentinamunicipal.com.ar\/argentina\/wp-content\/uploads\/2014\/10\/guemes4.jpg\"><img loading=\"lazy\" decoding=\"async\" aria-describedby=\"caption-attachment-16277\" class=\"size-full wp-image-16277\" src=\"http:\/\/argentinamunicipal.com.ar\/argentina\/wp-content\/uploads\/2014\/10\/guemes4.jpg\" alt=\"DISPOSITIVO. All\u00ed se encuentran equipamientos para reciclado de basura, generaci\u00f3n de energ\u00eda y almacenamiento de agua\" width=\"565\" height=\"318\" srcset=\"http:\/\/argentinamunicipal.com.ar\/argentina\/wp-content\/uploads\/2014\/10\/guemes4.jpg 565w, http:\/\/argentinamunicipal.com.ar\/argentina\/wp-content\/uploads\/2014\/10\/guemes4-300x168.jpg 300w\" sizes=\"auto, (max-width: 565px) 100vw, 565px\" \/><\/a><p id=\"caption-attachment-16277\" class=\"wp-caption-text\">DISPOSITIVO. All\u00ed se encuentran equipamientos para reciclado de basura, generaci\u00f3n de energ\u00eda y almacenamiento de agua<\/p><\/div>\n<p>En los dispositivos hay paneles solares, generadores e\u00f3licos, circuito para tratamiento de basura y cisternas para almacenar el agua grises y de lluvia. Esa agua se reutiliza para riego, el pl\u00e1stico reciclado se puede agregar al hormig\u00f3n para construir nuevas viviendas y la energ\u00eda provee al alumbrado p\u00fablico.<\/p>\n<p>No son edificios pegados unos a otros, sino que van dispuestos en toda la manzana, generando espacios verdes. Los espacios que quedan entre las estructuras son \u00abintersticios\u00bb, que conectan diferentes lugares del lote.<\/p>\n<p>Otro concepto novedoso es el de la vivienda flexible. Las futuras arquitectas sostienen que las casas se deben adaptar a las familias, por lo se puede agregar o sacar un cuarto, o permite que un atelier se convierta en una nueva unidad. \u00abEs para que en altura tengas las mismas posibilidades que en una casa. Por eso tenemos en cuenta las terrazas verdes y los espacios p\u00fablicos\u00bb, explican.<\/p>\n<p>Esas viviendas cuentan adem\u00e1s con terrazas verdes, lo que suma a\u00fan m\u00e1s a la sustentabilidad de los edificios.<\/p>\n<p><strong>Premiadas<\/strong><\/p>\n<div id=\"attachment_16278\" style=\"width: 575px\" class=\"wp-caption aligncenter\"><a href=\"http:\/\/argentinamunicipal.com.ar\/argentina\/wp-content\/uploads\/2014\/10\/Guemes3_0.jpg\"><img loading=\"lazy\" decoding=\"async\" aria-describedby=\"caption-attachment-16278\" class=\"size-full wp-image-16278\" src=\"http:\/\/argentinamunicipal.com.ar\/argentina\/wp-content\/uploads\/2014\/10\/Guemes3_0.jpg\" alt=\"DISTINGUIDAS. Luc\u00eda Zunino y Maya Wilberger reciben la distinci\u00f3n de Manuel Cirtori, CEO de Holcim Argentina\" width=\"565\" height=\"318\" srcset=\"http:\/\/argentinamunicipal.com.ar\/argentina\/wp-content\/uploads\/2014\/10\/Guemes3_0.jpg 565w, http:\/\/argentinamunicipal.com.ar\/argentina\/wp-content\/uploads\/2014\/10\/Guemes3_0-300x168.jpg 300w\" sizes=\"auto, (max-width: 565px) 100vw, 565px\" \/><\/a><p id=\"caption-attachment-16278\" class=\"wp-caption-text\">DISTINGUIDAS. Luc\u00eda Zunino y Maya Wilberger reciben la distinci\u00f3n de Manuel Cirtori, CEO de Holcim Argentina<\/p><\/div>\n<p>El proyecto de Luc\u00eda y Maya recibi\u00f3 la semana pasada una importante distinci\u00f3n internacional. Obtuvo el tercer lugar en la categor\u00eda Next Generation en los Holcim Awards Latinoam\u00e9rica. La premiaci\u00f3n tuvo lugar en Medell\u00edn, Colombia. El primer lugar de esa categor\u00eda tambi\u00e9n fue para un proyecto nacido en la UNC: un puerto flotante en Manaos, Brasil.<\/p>\n<p>Ahora, el \u00abDen-city\u00bb participar\u00e1 de la instancia global de los Holcim Awards.<\/p>\n<h6>Fuente: La Voz del Interior<\/h6>\n","protected":false},"excerpt":{"rendered":"<p>Fue dise\u00f1ada por dos estudiantes de arquitectura. Se trata de viviendas \u00abverdes\u00bb que suman espacio p\u00fablico, reciclan agua y producen energ\u00eda. La inicitativa fue premiada en Colombia. Pensar la ciudad desde un punto de vista sustentable es la cuesti\u00f3n. Y bajo esa consigna, Maya Wilberger y Luc\u00eda Zunino desarrollaron un proyecto de viviendas sustentables para<\/p>\n","protected":false},"author":2,"featured_media":16278,"comment_status":"closed","ping_status":"closed","sticky":false,"template":"","format":"standard","meta":{"footnotes":""},"categories":[2],"tags":[3],"class_list":["post-16273","post","type-post","status-publish","format-standard","has-post-thumbnail","hentry","category-informe-municipal","tag-cordoba"],"_links":{"self":[{"href":"http:\/\/argentinamunicipal.com.ar\/argentina\/wp-json\/wp\/v2\/posts\/16273","targetHints":{"allow":["GET"]}}],"collection":[{"href":"http:\/\/argentinamunicipal.com.ar\/argentina\/wp-json\/wp\/v2\/posts"}],"about":[{"href":"http:\/\/argentinamunicipal.com.ar\/argentina\/wp-json\/wp\/v2\/types\/post"}],"author":[{"embeddable":true,"href":"http:\/\/argentinamunicipal.com.ar\/argentina\/wp-json\/wp\/v2\/users\/2"}],"replies":[{"embeddable":true,"href":"http:\/\/argentinamunicipal.com.ar\/argentina\/wp-json\/wp\/v2\/comments?post=16273"}],"version-history":[{"count":0,"href":"http:\/\/argentinamunicipal.com.ar\/argentina\/wp-json\/wp\/v2\/posts\/16273\/revisions"}],"wp:featuredmedia":[{"embeddable":true,"href":"http:\/\/argentinamunicipal.com.ar\/argentina\/wp-json\/wp\/v2\/media\/16278"}],"wp:attachment":[{"href":"http:\/\/argentinamunicipal.com.ar\/argentina\/wp-json\/wp\/v2\/media?parent=16273"}],"wp:term":[{"taxonomy":"category","embeddable":true,"href":"http:\/\/argentinamunicipal.com.ar\/argentina\/wp-json\/wp\/v2\/categories?post=16273"},{"taxonomy":"post_tag","embeddable":true,"href":"http:\/\/argentinamunicipal.com.ar\/argentina\/wp-json\/wp\/v2\/tags?post=16273"}],"curies":[{"name":"wp","href":"https:\/\/api.w.org\/{rel}","templated":true}]}}