{"id":163,"date":"2014-02-04T00:04:25","date_gmt":"2014-02-04T03:04:25","guid":{"rendered":"http:\/\/municipales.org.ar\/argentina\/?p=163"},"modified":"2014-02-08T18:42:08","modified_gmt":"2014-02-08T21:42:08","slug":"buscan-establecer-un-plan-de-regularizacion-laboral-para-unos-400-municipales-mercedenos","status":"publish","type":"post","link":"http:\/\/argentinamunicipal.com.ar\/argentina\/buscan-establecer-un-plan-de-regularizacion-laboral-para-unos-400-municipales-mercedenos\/","title":{"rendered":"Buscan establecer un plan de regularizaci\u00f3n laboral para unos 400 municipales mercede\u00f1os"},"content":{"rendered":"<div id=\"attachment_164\" style=\"width: 1034px\" class=\"wp-caption alignnone\"><a href=\"http:\/\/argentinamunicipal.com.ar\/argentina\/wp-content\/uploads\/2014\/02\/86767915.jpg\"><img loading=\"lazy\" decoding=\"async\" aria-describedby=\"caption-attachment-164\" class=\"size-full wp-image-164\" alt=\"La Municipalidad de Mercedes\" src=\"http:\/\/argentinamunicipal.com.ar\/argentina\/wp-content\/uploads\/2014\/02\/86767915.jpg\" width=\"1024\" height=\"768\" srcset=\"http:\/\/argentinamunicipal.com.ar\/argentina\/wp-content\/uploads\/2014\/02\/86767915.jpg 1024w, http:\/\/argentinamunicipal.com.ar\/argentina\/wp-content\/uploads\/2014\/02\/86767915-300x225.jpg 300w\" sizes=\"auto, (max-width: 1024px) 100vw, 1024px\" \/><\/a><p id=\"caption-attachment-164\" class=\"wp-caption-text\">La Municipalidad de Mercedes<\/p><\/div>\n<p>\u201cExisten unos 400 trabajadores que est\u00e1n dentro de lo que se conoce como planes sociales. Ellos no tienen ni obra social, ni aportes jubilatorios ni seguro de vida. Esta situaci\u00f3n data de muchos a\u00f1os pero venimos dialogando con el Ejecutivo sobre este tema y queremos avanzar. Hasta ahora al menos nos expresaron que hay voluntad para hacerlo por lo que en estos d\u00edas vamos a continuar con las reuniones en las diferentes \u00e1reas de trabajo para saber cu\u00e1les son las necesidades de los compa\u00f1eros y para la semana pr\u00f3xima, cuando tengamos todo definido, tendr\u00edamos una audiencia con el intendente\u201d, dijo al ser consultado por El Litoral el secretario general de ATE a nivel local, Sabino G\u00f3mez. Seguidamente agreg\u00f3 que \u201cen un principio se plantear\u00eda que aquellos que tienen m\u00e1s de 10 a\u00f1os de antig\u00fcedad sean pasados a planta permanente y los dem\u00e1s que se les otorgue un contrato\u201d.<\/p>\n<p>Con respecto a qui\u00e9nes estar\u00edan en condiciones de ser incorporados como personal permanente, estim\u00f3 que \u201cun 30 por ciento m\u00e1s o menos de esos 400\u201d.<\/p>\n<p>\u201cOtra cuesti\u00f3n muy importante es la recategorizaci\u00f3n porque hay muchos trabajadores que pese a tener m\u00e1s a\u00f1os que otros cobran mucho menos y por si fuera poco ya est\u00e1n pr\u00f3ximos a jubilarse\u201d, remarc\u00f3 el gremialista. No obstante, indic\u00f3 que \u201ctambi\u00e9n se hablar\u00e1 de recomposici\u00f3n salarial que en un principio se solicitar\u00eda que sea un monto y no porcentaje, para ser m\u00e1s justo con la distribuci\u00f3n y le plantearemos al Ejecutivo si existe la posibilidad de que a los 200 pesos que nos pagar\u00e1n a mediados de este mes -como adicional- existe la posibilidad de agregarle algo m\u00e1s considerando el inicio de las clases y que los precios subieron bastante\u201d.<\/p>\n<p>Mientras que al ser consultado sobre la posibilidad de una medida de fuerza para las pr\u00f3ximas horas, G\u00f3mez expres\u00f3 que \u201chasta ahora no hay nada definido al respecto\u201d.<\/p>\n<pre>Fuente: El Litoral de Corrientes<\/pre>\n","protected":false},"excerpt":{"rendered":"<p>\u201cExisten unos 400 trabajadores que est\u00e1n dentro de lo que se conoce como planes sociales. Ellos no tienen ni obra social, ni aportes jubilatorios ni seguro de vida. Esta situaci\u00f3n data de muchos a\u00f1os pero venimos dialogando con el Ejecutivo sobre este tema y queremos avanzar. Hasta ahora al menos nos expresaron que hay voluntad<\/p>\n","protected":false},"author":1,"featured_media":164,"comment_status":"closed","ping_status":"closed","sticky":false,"template":"","format":"standard","meta":{"footnotes":""},"categories":[7],"tags":[13],"class_list":["post-163","post","type-post","status-publish","format-standard","has-post-thumbnail","hentry","category-informe-sindical","tag-corrientes"],"_links":{"self":[{"href":"http:\/\/argentinamunicipal.com.ar\/argentina\/wp-json\/wp\/v2\/posts\/163","targetHints":{"allow":["GET"]}}],"collection":[{"href":"http:\/\/argentinamunicipal.com.ar\/argentina\/wp-json\/wp\/v2\/posts"}],"about":[{"href":"http:\/\/argentinamunicipal.com.ar\/argentina\/wp-json\/wp\/v2\/types\/post"}],"author":[{"embeddable":true,"href":"http:\/\/argentinamunicipal.com.ar\/argentina\/wp-json\/wp\/v2\/users\/1"}],"replies":[{"embeddable":true,"href":"http:\/\/argentinamunicipal.com.ar\/argentina\/wp-json\/wp\/v2\/comments?post=163"}],"version-history":[{"count":0,"href":"http:\/\/argentinamunicipal.com.ar\/argentina\/wp-json\/wp\/v2\/posts\/163\/revisions"}],"wp:featuredmedia":[{"embeddable":true,"href":"http:\/\/argentinamunicipal.com.ar\/argentina\/wp-json\/wp\/v2\/media\/164"}],"wp:attachment":[{"href":"http:\/\/argentinamunicipal.com.ar\/argentina\/wp-json\/wp\/v2\/media?parent=163"}],"wp:term":[{"taxonomy":"category","embeddable":true,"href":"http:\/\/argentinamunicipal.com.ar\/argentina\/wp-json\/wp\/v2\/categories?post=163"},{"taxonomy":"post_tag","embeddable":true,"href":"http:\/\/argentinamunicipal.com.ar\/argentina\/wp-json\/wp\/v2\/tags?post=163"}],"curies":[{"name":"wp","href":"https:\/\/api.w.org\/{rel}","templated":true}]}}