{"id":16309,"date":"2014-10-11T09:11:23","date_gmt":"2014-10-11T12:11:23","guid":{"rendered":"http:\/\/argentinamunicipal.com.ar\/argentina\/?p=16309"},"modified":"2014-10-11T09:11:23","modified_gmt":"2014-10-11T12:11:23","slug":"el-municipio-de-rosario-envio-al-concejo-los-pliegos-para-hacer-dos-cocheras-subterraneas","status":"publish","type":"post","link":"http:\/\/argentinamunicipal.com.ar\/argentina\/el-municipio-de-rosario-envio-al-concejo-los-pliegos-para-hacer-dos-cocheras-subterraneas\/","title":{"rendered":"El municipio de Rosario envi\u00f3 al Concejo los pliegos para hacer dos cocheras subterr\u00e1neas"},"content":{"rendered":"<p><a href=\"http:\/\/argentinamunicipal.com.ar\/argentina\/wp-content\/uploads\/2014\/10\/9eb40dda.jpg\"><img loading=\"lazy\" decoding=\"async\" class=\"aligncenter  wp-image-16310\" src=\"http:\/\/argentinamunicipal.com.ar\/argentina\/wp-content\/uploads\/2014\/10\/9eb40dda.jpg\" alt=\"OLYMPUS DIGITAL CAMERA\" width=\"648\" height=\"486\" srcset=\"http:\/\/argentinamunicipal.com.ar\/argentina\/wp-content\/uploads\/2014\/10\/9eb40dda.jpg 800w, http:\/\/argentinamunicipal.com.ar\/argentina\/wp-content\/uploads\/2014\/10\/9eb40dda-300x225.jpg 300w\" sizes=\"auto, (max-width: 648px) 100vw, 648px\" \/><\/a><br \/>\nEstar\u00e1n en el entorno de la plaza del Foro (delimitada por Oro\u00f1o, Balcarce y Pellegrini) y del Centro Municipal de Distrito Centro-Parque de Espa\u00f1a, dos de los cinco lugares aprobados.<\/p>\n<p>La Municipalidad de Rosario enviar\u00e1 este mes al Concejo Municipal los pliegos con las dos primeras localizaciones para la construcci\u00f3n y explotaci\u00f3n privada de cocheras subterr\u00e1neas en el centro de la ciudad. Estar\u00e1n en el entorno de la plaza del Foro (delimitada por Oro\u00f1o, Balcarce y Pellegrini) y del Centro Municipal de Distrito Centro-Parque de Espa\u00f1a, dos de los cinco lugares que fueron aprobados oportunamente por el cuerpo legislativo para ese fin.<\/p>\n<p>\u201cEste es un proyecto que se articula con una ordenanza sancionada por el Concejo Municipal que plante\u00f3 algunas localizaciones posibles para estacionamientos subterr\u00e1neos. En tal sentido, la intendenta M\u00f3nica Fein nos pidi\u00f3 avanzar en dos de ellos y sobre los que vamos a mandar los pliegos licitatorios para que el Concejo los pueda evaluar\u201d, sostuvo Pablo Barese, secretario de Planeamiento del municipio.<\/p>\n<p>Dichos pliegos estar\u00e1n acompa\u00f1ados con el informe ambiental que realiz\u00f3 la Subsecretar\u00eda de Medio Ambiente, los informes del Ente de la Movilidad con la factibilidad t\u00e9cnica, y el de la Facultad de Ciencias Econ\u00f3micas respecto de la consistencia de la inversi\u00f3n.<\/p>\n<p>Los legajos t\u00e9cnicos y proyectos ejecutivos son elaborados por la Secretar\u00eda de Planeamiento municipal, que incorpora no s\u00f3lo los pliegos de las cocheras subterr\u00e1neas sino tambi\u00e9n la renovaci\u00f3n integral de los espacios p\u00fablicos en superficie.<\/p>\n<p>Se trata de una concesi\u00f3n de obra p\u00fablica, por lo que si el Concejo la aprueba, dar\u00e1 lugar a una licitaci\u00f3n p\u00fablica para la adjudicaci\u00f3n y explotaci\u00f3n de las mencionadas cocheras subterr\u00e1neas, las que se prev\u00e9 sumar\u00e1n unos 550 nuevos m\u00f3dulos.<\/p>\n<p>Esto se inserta en la pol\u00edtica de promoci\u00f3n e incremento de la capacidad de recepci\u00f3n de veh\u00edculos de estad\u00eda transitoria en el borde del \u00e1rea central, a fin de desalentar la concentraci\u00f3n de los mismos dentro de esta \u00e1rea cr\u00edtica, as\u00ed como de expandir la oferta de estacionamientos permanentes dentro del \u00e1rea demandada de este servicio.<\/p>\n<p>Por otra parte, el proyecto se articula a las intervenciones previstas en el Plan Integral de Movilidad, que incluyen la reestructuraci\u00f3n de la circulaci\u00f3n de los distintos veh\u00edculos y la incorporaci\u00f3n de medios alternativos de transporte urbano.<\/p>\n<p>La modalidad soterrada del estacionamiento consolida la liberaci\u00f3n del espacio p\u00fablico.<\/p>\n<h6>Fuente: La Capital, Rosario<\/h6>\n","protected":false},"excerpt":{"rendered":"<p>Estar\u00e1n en el entorno de la plaza del Foro (delimitada por Oro\u00f1o, Balcarce y Pellegrini) y del Centro Municipal de Distrito Centro-Parque de Espa\u00f1a, dos de los cinco lugares aprobados. La Municipalidad de Rosario enviar\u00e1 este mes al Concejo Municipal los pliegos con las dos primeras localizaciones para la construcci\u00f3n y explotaci\u00f3n privada de cocheras<\/p>\n","protected":false},"author":2,"featured_media":16310,"comment_status":"closed","ping_status":"closed","sticky":false,"template":"","format":"standard","meta":{"footnotes":""},"categories":[2],"tags":[10],"class_list":["post-16309","post","type-post","status-publish","format-standard","has-post-thumbnail","hentry","category-informe-municipal","tag-santa-fe"],"_links":{"self":[{"href":"http:\/\/argentinamunicipal.com.ar\/argentina\/wp-json\/wp\/v2\/posts\/16309","targetHints":{"allow":["GET"]}}],"collection":[{"href":"http:\/\/argentinamunicipal.com.ar\/argentina\/wp-json\/wp\/v2\/posts"}],"about":[{"href":"http:\/\/argentinamunicipal.com.ar\/argentina\/wp-json\/wp\/v2\/types\/post"}],"author":[{"embeddable":true,"href":"http:\/\/argentinamunicipal.com.ar\/argentina\/wp-json\/wp\/v2\/users\/2"}],"replies":[{"embeddable":true,"href":"http:\/\/argentinamunicipal.com.ar\/argentina\/wp-json\/wp\/v2\/comments?post=16309"}],"version-history":[{"count":0,"href":"http:\/\/argentinamunicipal.com.ar\/argentina\/wp-json\/wp\/v2\/posts\/16309\/revisions"}],"wp:featuredmedia":[{"embeddable":true,"href":"http:\/\/argentinamunicipal.com.ar\/argentina\/wp-json\/wp\/v2\/media\/16310"}],"wp:attachment":[{"href":"http:\/\/argentinamunicipal.com.ar\/argentina\/wp-json\/wp\/v2\/media?parent=16309"}],"wp:term":[{"taxonomy":"category","embeddable":true,"href":"http:\/\/argentinamunicipal.com.ar\/argentina\/wp-json\/wp\/v2\/categories?post=16309"},{"taxonomy":"post_tag","embeddable":true,"href":"http:\/\/argentinamunicipal.com.ar\/argentina\/wp-json\/wp\/v2\/tags?post=16309"}],"curies":[{"name":"wp","href":"https:\/\/api.w.org\/{rel}","templated":true}]}}