{"id":163223,"date":"2026-04-06T18:46:53","date_gmt":"2026-04-06T21:46:53","guid":{"rendered":"http:\/\/argentinamunicipal.com.ar\/argentina\/?p=163223"},"modified":"2026-04-15T18:49:06","modified_gmt":"2026-04-15T21:49:06","slug":"el-soem-de-ushuaia-rechazo-los-convenios-de-regularizacion-de-deudas-firmados-por-la-presidenta-de-la-osef","status":"publish","type":"post","link":"http:\/\/argentinamunicipal.com.ar\/argentina\/el-soem-de-ushuaia-rechazo-los-convenios-de-regularizacion-de-deudas-firmados-por-la-presidenta-de-la-osef\/","title":{"rendered":"El SOEM de Ushuaia rechaz\u00f3 los convenios de regularizaci\u00f3n de deudas firmados por la Presidenta de la OSEF"},"content":{"rendered":"<p>\u201cManifestamos nuestro m\u00e1s en\u00e9rgico rechazo a los convenio de regularizaci\u00f3n de deudas asistenciales, recientemente suscriptos entre la OSEF y el Gobierno provincial, y entre la OSEF y el Municpio de R\u00edo Grande, los que constituyen, sin lugar a dudas, una verdadera sentencia de muerte para nuestra Obra Social\u201d, remarc\u00f3 el titular del SOEM, Manuel Ojeda.<\/p>\n<p>\u201cLas condiciones establecidas en dichos acuerdos vulneran de manera directa y grave los derechos de todos los afiliados, poniendo en riesgo no s\u00f3lo la sustentabilidad del sistema, sino tambi\u00e9n el acceso a prestaciones esenciales de salud\u201d, destac\u00f3 Manuel Ojeda y acot\u00f3, \u201cresulta inadmisible que se avance en decisiones de esta magnitud, sin garantizar la protecci\u00f3n de quienes dependen de la Obra Social para su atenci\u00f3n m\u00e9dica, desoyendo el impacto social y humano que esto conlleva\u201d.<\/p>\n<p>El Secretario General del SOEM advirti\u00f3\u00a0que,\u00a0\u201ceste tipo de medidas comprometen seriamente el funcionamiento de la OSEF, y afectan la calidad de vida de miles de trabajadores y sus familias\u201d, y agreg\u00f3, \u201chasta los propios Legisladores manifestaron que este tipo de convenios son totalmente absurdos\u201d.<\/p>\n<p>\u201cExigimos la inmediata revisi\u00f3n de estos\u00a0acuerdos\u00a0y la adopci\u00f3n de medidas urgentes que resguarden los derechos de los afiliados, garantizando la continuidad, calidad,\u00a0y equidad en las prestaciones de salud\u201d, indic\u00f3 Manuel Ojeda y subray\u00f3, \u201cnos declaramos en estado de alerta y movilizaci\u00f3n y no descartamos la adopci\u00f3n de acciones gremiales en defensa de nuestra Obra Social y de todos sus afiliados\u201d.<\/p>\n<p>Cabe se\u00f1alar que los convenios de meci\u00f3n solo son firmados en representaci\u00f3n de la OSEF por la Presidenta Mariana Hruby, y tienen la particularidad que ambos son en 36 cuotas;\u00a0en el caso del convenio con el Gobierno de la provincia el monto es de mas de 11 mil millones de pesos, y en el caso del convenio con el Municipio de R\u00edo Grande es por el monto de m\u00e1s de 3 millones y medio de pesos.<\/p>\n<h6>Fuente: gremialesdelsur<\/h6>\n","protected":false},"excerpt":{"rendered":"<p>\u201cManifestamos nuestro m\u00e1s en\u00e9rgico rechazo a\u00a0los\u00a0convenio de regularizaci\u00f3n de deudas\u00a0asistenciales, recientemente suscriptos\u00a0entre la OSEF\u00a0y el Gobierno provincial, y entre la OSEF y el Municpio de R\u00edo Grande, los que constituyen, sin lugar a dudas, una verdadera sentencia de muerte para nuestra Obra Social\u201d<\/p>\n","protected":false},"author":2,"featured_media":163224,"comment_status":"closed","ping_status":"closed","sticky":false,"template":"","format":"standard","meta":{"footnotes":""},"categories":[7],"tags":[34],"class_list":["post-163223","post","type-post","status-publish","format-standard","has-post-thumbnail","hentry","category-informe-sindical","tag-tierra-del-fuego"],"_links":{"self":[{"href":"http:\/\/argentinamunicipal.com.ar\/argentina\/wp-json\/wp\/v2\/posts\/163223","targetHints":{"allow":["GET"]}}],"collection":[{"href":"http:\/\/argentinamunicipal.com.ar\/argentina\/wp-json\/wp\/v2\/posts"}],"about":[{"href":"http:\/\/argentinamunicipal.com.ar\/argentina\/wp-json\/wp\/v2\/types\/post"}],"author":[{"embeddable":true,"href":"http:\/\/argentinamunicipal.com.ar\/argentina\/wp-json\/wp\/v2\/users\/2"}],"replies":[{"embeddable":true,"href":"http:\/\/argentinamunicipal.com.ar\/argentina\/wp-json\/wp\/v2\/comments?post=163223"}],"version-history":[{"count":1,"href":"http:\/\/argentinamunicipal.com.ar\/argentina\/wp-json\/wp\/v2\/posts\/163223\/revisions"}],"predecessor-version":[{"id":163225,"href":"http:\/\/argentinamunicipal.com.ar\/argentina\/wp-json\/wp\/v2\/posts\/163223\/revisions\/163225"}],"wp:featuredmedia":[{"embeddable":true,"href":"http:\/\/argentinamunicipal.com.ar\/argentina\/wp-json\/wp\/v2\/media\/163224"}],"wp:attachment":[{"href":"http:\/\/argentinamunicipal.com.ar\/argentina\/wp-json\/wp\/v2\/media?parent=163223"}],"wp:term":[{"taxonomy":"category","embeddable":true,"href":"http:\/\/argentinamunicipal.com.ar\/argentina\/wp-json\/wp\/v2\/categories?post=163223"},{"taxonomy":"post_tag","embeddable":true,"href":"http:\/\/argentinamunicipal.com.ar\/argentina\/wp-json\/wp\/v2\/tags?post=163223"}],"curies":[{"name":"wp","href":"https:\/\/api.w.org\/{rel}","templated":true}]}}