{"id":163269,"date":"2026-04-23T06:00:56","date_gmt":"2026-04-23T09:00:56","guid":{"rendered":"http:\/\/argentinamunicipal.com.ar\/argentina\/?p=163269"},"modified":"2026-04-23T06:05:14","modified_gmt":"2026-04-23T09:05:14","slug":"dos-mujeres-al-cuidado-de-la-plaza-borges-de-parana","status":"publish","type":"post","link":"http:\/\/argentinamunicipal.com.ar\/argentina\/dos-mujeres-al-cuidado-de-la-plaza-borges-de-parana\/","title":{"rendered":"Dos mujeres al cuidado de la Plaza Borges de Paran\u00e1"},"content":{"rendered":"<p>La Plaza Borges de Paran\u00e1 fue escenario de hechos de vandalismo que generaron preocupaci\u00f3n. Dos personas fueron asignadas para su cuidado y matenimiento.<\/p>\n<p>A pocas horas de su inauguraci\u00f3n, la Plaza Borges de Paran\u00e1 fue escenario de hechos de vandalismo que generaron preocupaci\u00f3n en el \u00e1mbito municipal. Bancos y juegos recientemente instalados aparecieron con pintadas, lo que motiv\u00f3 una r\u00e1pida reacci\u00f3n de las autoridades y un llamado a la reflexi\u00f3n dirigido a toda la comunidad.<\/p>\n<p><strong>La palabra de la intendenta de Paran\u00e1<\/strong><br \/>\nLa intendenta Rosario Romero lament\u00f3 lo sucedido y puso el foco en la necesidad de promover una convivencia basada en el respeto por los espacios p\u00fablicos. \u201cHace pocos d\u00edas notamos que algunos bancos reci\u00e9n instalados fueron vandalizados. Les digo a los chicos, si alguien ama a otro, d\u00edgaselo por un mensaje de texto o personalmente, pero no lo expresen escribiendo en los bancos de las plazas, que son los bancos de todos. Aprendamos a disfrutar de los espacios p\u00fablicos pensando que no solo son de uno, sino de toda la comunidad\u201d, expres\u00f3.<\/p>\n<p>En este contexto, el municipio decidi\u00f3 reforzar las tareas de cuidado en el predio. Desde este lunes, dos trabajadoras municipales estar\u00e1n a cargo del control y mantenimiento del espacio en turnos matutino y vespertino, mientras que durante los fines de semana se sumar\u00e1 personal adicional. La medida busca prevenir nuevos episodios y garantizar que la plaza pueda ser disfrutada en condiciones adecuadas.<\/p>\n<p>Romero remarc\u00f3 adem\u00e1s que el rol de quienes cuidan el lugar ser\u00e1 clave para ordenar la convivencia: \u201cQuien cuida la plaza es la autoridad dentro de la plaza y vamos a marcar pautas de conducta\u201d. En esa l\u00ednea, insisti\u00f3 en que el compromiso ciudadano es fundamental para sostener en el tiempo este tipo de intervenciones urbanas.<\/p>\n<p>La Plaza Borges forma parte de una pol\u00edtica de recuperaci\u00f3n y puesta en valor de espacios p\u00fablicos impulsada por la Municipalidad de Paran\u00e1, con el objetivo de generar \u00e1mbitos de encuentro, recreaci\u00f3n e integraci\u00f3n para vecinos de todas las edades. Sin embargo, lo ocurrido evidencia que las obras materiales deben ir acompa\u00f1adas de un cambio cultural.<\/p>\n<p>Azucena Cuadra, una de las trabajadoras designadas como placera, destac\u00f3 la importancia de su nueva funci\u00f3n y el valor del lugar para la comunidad. \u201cEs un lindo espacio verde, donde se pueden realizar actividades. Hay que pensar que la plaza es de todos y que debemos cuidarla\u201d, se\u00f1al\u00f3.<\/p>\n<p>Desde el municipio insisten en que el cuidado de los espacios comunes no depende \u00fanicamente de la presencia estatal, sino tambi\u00e9n de la actitud de cada ciudadano. En ese sentido, el episodio abre un debate m\u00e1s amplio sobre la responsabilidad colectiva y la construcci\u00f3n de una cultura urbana basada en el respeto, la convivencia y el sentido de pertenencia.<\/p>\n<p>Mientras tanto, la Plaza Borges contin\u00faa abierta al p\u00fablico, con el desaf\u00edo de consolidarse como un punto de encuentro que refleje no solo una mejora en la infraestructura urbana, sino tambi\u00e9n un compromiso compartido con su preservaci\u00f3n.<\/p>\n<h6>Fuente: Uno<\/h6>\n","protected":false},"excerpt":{"rendered":"<p>La Plaza Borges de Paran\u00e1 fue escenario de hechos de vandalismo que generaron preocupaci\u00f3n. Dos personas fueron asignadas para su cuidado y matenimiento.<\/p>\n","protected":false},"author":2,"featured_media":163270,"comment_status":"closed","ping_status":"closed","sticky":false,"template":"","format":"standard","meta":{"footnotes":""},"categories":[2],"tags":[17],"class_list":["post-163269","post","type-post","status-publish","format-standard","has-post-thumbnail","hentry","category-informe-municipal","tag-entre-rios"],"_links":{"self":[{"href":"http:\/\/argentinamunicipal.com.ar\/argentina\/wp-json\/wp\/v2\/posts\/163269","targetHints":{"allow":["GET"]}}],"collection":[{"href":"http:\/\/argentinamunicipal.com.ar\/argentina\/wp-json\/wp\/v2\/posts"}],"about":[{"href":"http:\/\/argentinamunicipal.com.ar\/argentina\/wp-json\/wp\/v2\/types\/post"}],"author":[{"embeddable":true,"href":"http:\/\/argentinamunicipal.com.ar\/argentina\/wp-json\/wp\/v2\/users\/2"}],"replies":[{"embeddable":true,"href":"http:\/\/argentinamunicipal.com.ar\/argentina\/wp-json\/wp\/v2\/comments?post=163269"}],"version-history":[{"count":1,"href":"http:\/\/argentinamunicipal.com.ar\/argentina\/wp-json\/wp\/v2\/posts\/163269\/revisions"}],"predecessor-version":[{"id":163271,"href":"http:\/\/argentinamunicipal.com.ar\/argentina\/wp-json\/wp\/v2\/posts\/163269\/revisions\/163271"}],"wp:featuredmedia":[{"embeddable":true,"href":"http:\/\/argentinamunicipal.com.ar\/argentina\/wp-json\/wp\/v2\/media\/163270"}],"wp:attachment":[{"href":"http:\/\/argentinamunicipal.com.ar\/argentina\/wp-json\/wp\/v2\/media?parent=163269"}],"wp:term":[{"taxonomy":"category","embeddable":true,"href":"http:\/\/argentinamunicipal.com.ar\/argentina\/wp-json\/wp\/v2\/categories?post=163269"},{"taxonomy":"post_tag","embeddable":true,"href":"http:\/\/argentinamunicipal.com.ar\/argentina\/wp-json\/wp\/v2\/tags?post=163269"}],"curies":[{"name":"wp","href":"https:\/\/api.w.org\/{rel}","templated":true}]}}