{"id":163272,"date":"2026-04-08T19:54:34","date_gmt":"2026-04-08T22:54:34","guid":{"rendered":"http:\/\/argentinamunicipal.com.ar\/argentina\/?p=163272"},"modified":"2026-04-15T19:56:55","modified_gmt":"2026-04-15T22:56:55","slug":"ushuaia-una-multitudinaria-movilizacion-de-municipales-reclamo-por-la-coparticipacion","status":"publish","type":"post","link":"http:\/\/argentinamunicipal.com.ar\/argentina\/ushuaia-una-multitudinaria-movilizacion-de-municipales-reclamo-por-la-coparticipacion\/","title":{"rendered":"Ushuaia: Una multitudinaria movilizaci\u00f3n de municipales reclam\u00f3 por la coparticipaci\u00f3n"},"content":{"rendered":"<p>Empleadas y empleados municipales de la ciudad de Ushuaia se movilizaron hacia la Legislatura y la Casa de Gobierno, reclamando por la llegada de la coparticipaci\u00f3n en tiempo y forma. Denuncian que hay una retenci\u00f3n importante por parte del Gobierno de la provincia y propugnan un mecanismo de \u201cgoteo diario, cosa que el dinero que le corresponde a la municipalidad ingrese directamente a la municipalidad y que no sea retenido por el gobierno de la provincia\u201d.<\/p>\n<p>Refiri\u00e9ndose a la multitudinaria movilizaci\u00f3n que protagonizaron las empleadas y empleados de la Municipalidad de Ushuaia, bajo la consigna de defender la llegada de la coparticipaci\u00f3n en tiempo y forma, el secretario General del SOEM, Manuel Ojeda, dijo sobre la actividad en la cual confluyeron con otros sectores gremiales que \u201ca pesar de que nos toc\u00f3 un d\u00eda con lluvia, como nos pasa siempre porque ya estamos acostumbrados a que cada vez que nos toca movilizar por la obra social, o movilizar por nuestro salario, o movilizar por alg\u00fan tema que est\u00e9 pasando como la reforma laboral, etc\u00e9tera, nos pasa que\u00a0 llueve o nieva. Pero la verdad es que sorprendi\u00f3 porque hubo un acompa\u00f1amiento enorme de la gente, a pesar de la lluvia\u201d.<\/p>\n<p>Ojeda record\u00f3 que se encuentran \u201creclamando por un derecho que nos corresponde a los municipales, recibir en tiempo y forma la coparticipaci\u00f3n para nosotros es poder sentarnos en las mesas salariales y obtener lo que los compa\u00f1eros de base nos est\u00e1n pidiendo. El atraso que hay hoy, porque pasaron 35 d\u00edas y ya aument\u00f3 a 12.000 millones de pesos, entonces es tremendo lo que est\u00e1 pasando. Porque la verdad es que nosotros sabemos que la plata ingres\u00f3, vemos los ingresos que llegan a la provincia, lo podemos consultar a trav\u00e9s de las p\u00e1ginas de AREF y vemos que la plata est\u00e1 ingresando. El problema es que la plata que les corresponde a los municipios, no la est\u00e1n enviando\u201d, remarc\u00f3 el titular del SOEM.<\/p>\n<p>En similar sentido, indic\u00f3 que \u201cel problema, es que los trabajadores estamos en el medio de una pelea pol\u00edtica, por as\u00ed decirlo. Pero nosotros los municipales, vamos a salir a la calle a reclamar lo que es nuestro, la pelea ser\u00e1 de ellos, pero la plata corresponde a los municipios. Entonces nosotros no podemos dejar que nos atropellen de esa manera, porque tambi\u00e9n est\u00e1 el tema de la obra social, que tambi\u00e9n es preocupante la deuda que hay y todo lo que genera\u201d, advirti\u00f3.<\/p>\n<p>Sobre el tema de la OSEF, mencion\u00f3 el dirigente del SOEM que \u201ccuando fuimos acompa\u00f1ando a (l vocal por los pasivos) Horacio (Gallego) por el tema de la obra social, escuchaba a un legislador que estaba sorprendido porque el a\u00f1o pasado se hab\u00edan hecho leyes de parte de legislatura, por el tema de la obra social, cuando nos dec\u00edan los directores y el presidente de la obra social en ese momento que hab\u00eda que aumentar los aportes, porque argumentaban que era la \u00fanica manera de salvar la obra social\u201d. \u201cEn ese entonces nosotros dec\u00edamos que era echarle plata a un saco roto o a una mala administraci\u00f3n y que no iba a solucionar nada. Y en el medio de todo eso, pas\u00f3 hace dos o tres semanas que un legislador le dijo a la presidenta de OSEF, que el a\u00f1o pasado hicieron una ley y no les dijeron que el Gobierno de la provincia, el municipio de R\u00edo Grande y el municipio de Tolhuin le deb\u00edan a la obra social. Entonces a nosotros nos mintieron, no tan solo a los legisladores sino a nosotros tambi\u00e9n, y no hubo nadie que se haga responsable del reclamo de nuestra deuda\u201d, remarc\u00f3.<\/p>\n<p>Volviendo sobre la defensa de la coparticipaci\u00f3n, el secretario General del Sindicato de Obreros y Empleados Municipales, expres\u00f3: \u201cnosotros tenemos que reclamar, somos los primeros que tenemos que defender la autonom\u00eda de la municipalidad porque de eso depende el cobro del salario en tiempo y forma, de eso depende cobrar todos los meses como corresponde, no cobrar desdoblado y que vengan los aumentos, para recuperar nuestro salario que es lo m\u00e1s importante de todo esto\u201d.<\/p>\n<p>\u201cLo que nosotros tenemos que garantizar o lo que hay que garantizar, es que la Legislatura trabaje en un proyecto de goteo diario, cosa que el dinero que le corresponde a la municipalidad ingrese directamente a la municipalidad y que no sea retenido por el gobierno de la provincia. Un mecanismo de goteo diario para las municipalidades y para gobierno, yo creo que eso nos dejar\u00eda la posibilidad de que el dinero que es de la municipalidad llegue en tiempo y forma a la municipalidad. Es la \u00fanica forma que nosotros podemos lograrlo, entonces esto va a llevar seguramente a que la semana que viene estemos movilizando de nuevo a Legislatura pidiendo que se trabaje sobre ese proyecto que garantice la coparticipaci\u00f3n\u201d, concluy\u00f3 Manuel Ojeda.<\/p>\n<h6>Fuente: provincia23.com.ar<\/h6>\n","protected":false},"excerpt":{"rendered":"<p>Empleadas y empleados municipales de la ciudad de Ushuaia se movilizaron hacia la Legislatura y la Casa de Gobierno, reclamando por la llegada de la coparticipaci\u00f3n en tiempo y forma.<\/p>\n","protected":false},"author":2,"featured_media":163273,"comment_status":"closed","ping_status":"closed","sticky":false,"template":"","format":"standard","meta":{"footnotes":""},"categories":[7],"tags":[34],"class_list":["post-163272","post","type-post","status-publish","format-standard","has-post-thumbnail","hentry","category-informe-sindical","tag-tierra-del-fuego"],"_links":{"self":[{"href":"http:\/\/argentinamunicipal.com.ar\/argentina\/wp-json\/wp\/v2\/posts\/163272","targetHints":{"allow":["GET"]}}],"collection":[{"href":"http:\/\/argentinamunicipal.com.ar\/argentina\/wp-json\/wp\/v2\/posts"}],"about":[{"href":"http:\/\/argentinamunicipal.com.ar\/argentina\/wp-json\/wp\/v2\/types\/post"}],"author":[{"embeddable":true,"href":"http:\/\/argentinamunicipal.com.ar\/argentina\/wp-json\/wp\/v2\/users\/2"}],"replies":[{"embeddable":true,"href":"http:\/\/argentinamunicipal.com.ar\/argentina\/wp-json\/wp\/v2\/comments?post=163272"}],"version-history":[{"count":1,"href":"http:\/\/argentinamunicipal.com.ar\/argentina\/wp-json\/wp\/v2\/posts\/163272\/revisions"}],"predecessor-version":[{"id":163274,"href":"http:\/\/argentinamunicipal.com.ar\/argentina\/wp-json\/wp\/v2\/posts\/163272\/revisions\/163274"}],"wp:featuredmedia":[{"embeddable":true,"href":"http:\/\/argentinamunicipal.com.ar\/argentina\/wp-json\/wp\/v2\/media\/163273"}],"wp:attachment":[{"href":"http:\/\/argentinamunicipal.com.ar\/argentina\/wp-json\/wp\/v2\/media?parent=163272"}],"wp:term":[{"taxonomy":"category","embeddable":true,"href":"http:\/\/argentinamunicipal.com.ar\/argentina\/wp-json\/wp\/v2\/categories?post=163272"},{"taxonomy":"post_tag","embeddable":true,"href":"http:\/\/argentinamunicipal.com.ar\/argentina\/wp-json\/wp\/v2\/tags?post=163272"}],"curies":[{"name":"wp","href":"https:\/\/api.w.org\/{rel}","templated":true}]}}