{"id":163309,"date":"2026-04-23T05:40:43","date_gmt":"2026-04-23T08:40:43","guid":{"rendered":"http:\/\/argentinamunicipal.com.ar\/argentina\/?p=163309"},"modified":"2026-04-23T06:04:56","modified_gmt":"2026-04-23T09:04:56","slug":"bariloche-crece-el-reclamo-para-preservar-el-historico-arrayan-del-ex-correo-y-el-concejo-pidio-informes","status":"publish","type":"post","link":"http:\/\/argentinamunicipal.com.ar\/argentina\/bariloche-crece-el-reclamo-para-preservar-el-historico-arrayan-del-ex-correo-y-el-concejo-pidio-informes\/","title":{"rendered":"Bariloche: Crece el reclamo para preservar el hist\u00f3rico array\u00e1n del ex Correo y el Concejo pidi\u00f3 informes"},"content":{"rendered":"<p>Vecinos buscan frenar el traslado del \u00e1rbol hist\u00f3rico en medio de una obra hotelera.<\/p>\n<p>El hist\u00f3rico array\u00e1n ubicado en calle Moreno, en el predio donde funcionaba el ex Correo Argentino, volvi\u00f3 al centro del debate p\u00fablico tras la presentaci\u00f3n de vecinos y organizaciones ante el Concejo Municipal. El reclamo apunta a evitar su traslado y garantizar su conservaci\u00f3n en el lugar original, en medio del avance de un desarrollo inmobiliario.<\/p>\n<p>Durante la exposici\u00f3n, se detallaron una serie de argumentos legales, hist\u00f3ricos y ambientales que sostienen la necesidad de preservar el ejemplar. En primer lugar, se mencion\u00f3 la Ordenanza 1417 del a\u00f1o 2004, que establece la obligatoriedad de conservar \u00e1rboles por su ubicaci\u00f3n, edad o valor cient\u00edfico e hist\u00f3rico, y contempla la creaci\u00f3n de un registro de \u201c\u00e1rboles singulares\u201d.<\/p>\n<p>En esa l\u00ednea, tambi\u00e9n se mencion\u00f3 la Ordenanza 3227 de 2025 (aprobada en agosto del a\u00f1o pasado) que cre\u00f3 formalmente ese registro y una comisi\u00f3n espec\u00edfica. En el listado anexo figura el array\u00e1n del ex Correo, destacando su valor patrimonial: fue plantado hace unos 90 a\u00f1os por el doctor Neumeyer, reconocido poblador y uno de los fundadores del Club Andino Bariloche.<\/p>\n<p>Si bien esta \u00faltima normativa fue vetada d\u00edas despu\u00e9s por el intendente Walter Cort\u00e9z, desde el sector que impulsa la conservaci\u00f3n sostienen que la protecci\u00f3n del \u00e1rbol sigue vigente a trav\u00e9s de la ordenanza de 2004.<\/p>\n<p><strong>Valor hist\u00f3rico y estado del ejemplar<\/strong><br \/>\nEl \u00e1rbol cuenta adem\u00e1s con una placa que indica su a\u00f1o de plantaci\u00f3n y el nombre del jardinero Walter Frey, lo que refuerza su car\u00e1cter patrimonial. Seg\u00fan plantearon, se trata de un s\u00edmbolo de la historia local que deber\u00eda ser preservado.<\/p>\n<p>Otro de los puntos centrales es la advertencia de especialistas: aseguran que el ejemplar dif\u00edcilmente sobreviva a un traslado debido a su tama\u00f1o y antig\u00fcedad. En ese sentido, se\u00f1alaron que el ingeniero forestal Adolfo Moretti, quien hab\u00eda sido consultado inicialmente por la desarrolladora, se apart\u00f3 del proyecto y manifest\u00f3 p\u00fablicamente que el \u00e1rbol no debe ser movido.<\/p>\n<p>Adem\u00e1s, remarcaron que el Servicio Forestal Andino \u00fanicamente autoriz\u00f3 una poda del ejemplar y nunca habilit\u00f3 su traslado. El permiso vigente (ya vencido) indicaba tareas de mantenimiento sobre ramas secas y algunas verdes para equilibrar la copa, junto con la recomendaci\u00f3n de ampliar el cantero por el crecimiento radicular, sin contemplar en ning\u00fan momento su relocalizaci\u00f3n.<\/p>\n<p><strong>La postura de Parques y Jardines<\/strong><br \/>\nEl encargado de Parques y Jardines del Municipio, Germ\u00e1n Fritz, expres\u00f3 su rechazo al traslado y pidi\u00f3 priorizar la conservaci\u00f3n del ejemplar: \u201cEse \u00e1rbol es patrimonio de todos, es un elemento que estuvo ah\u00ed desde hace muchos a\u00f1os y lo plant\u00f3 un personaje hist\u00f3rico de ac\u00e1 de Bariloche hace muchos a\u00f1os. Le debemos un poco de respeto\u201d.<\/p>\n<p>En esa l\u00ednea, agreg\u00f3: \u201cDeber\u00eda haberse proyectado la obra d\u00e1ndole la chance a este \u00e1rbol a seguir viviendo. Tienen que dejarle un buen espacio para su sistema radicular, adem\u00e1s de cuidar y monitorear\u201d.<\/p>\n<p>Fritz tambi\u00e9n advirti\u00f3 sobre los riesgos de intervenir el ejemplar: \u201cSi le cortamos las ra\u00edces, le metemos una estructura, lo maltratamos, etc., va a adelantar su proceso biol\u00f3gico y probablemente colapse en poco tiempo\u201d.<\/p>\n<p>Y remarc\u00f3 la necesidad de preservar el patrimonio natural en el contexto urbano: \u201cEn otras ciudades el patrimonio hist\u00f3rico es sagrado, lo mantienen, lo cuidan y lo respetan. Ac\u00e1 parece que como es algo viejo, ya no es \u00fatil entonces se lo saca del lugar y que sigan las estructuras nuevas. Lo que no ven es que esas cosas son las que nos hacen diferentes a otros lugares\u201d.<\/p>\n<p><strong>La postura de la empresa<\/strong><br \/>\nPor su parte, desde la desarrolladora Argenway, encargada de la obra del hotel Tru by Hilton, sostienen que la decisi\u00f3n de trasladar el \u00e1rbol ya fue tomada, aunque aseguran que el objetivo es preservarlo.<\/p>\n<p>Virginia Ba\u00f1ez, responsable de sustentabilidad de la empresa, explic\u00f3 a uno de los vecinos que \u00abse realizar\u00e1 un traslado a unos 3 metros y ya se program\u00f3 el protocolo de c\u00f3mo se va a realizar\u201d.<\/p>\n<p>Adem\u00e1s, indic\u00f3 que el proyecto busca poner en valor el ejemplar: \u201cLa intenci\u00f3n real, verdadera y \u00faltima de la empresa es preservar ese array\u00e1n en el ingreso del hotel y ponerlo en valor\u201d.<\/p>\n<p>Tambi\u00e9n destac\u00f3 el esfuerzo t\u00e9cnico y econ\u00f3mico que implica la intervenci\u00f3n y abri\u00f3 la posibilidad de articulaci\u00f3n con especialistas, as\u00ed como el di\u00e1logo con los vecinos preocupados por esta situaci\u00f3n.<\/p>\n<p><strong>Intervenci\u00f3n del Concejo<\/strong><br \/>\nTras la presentaci\u00f3n de los vecinos, el Concejo Municipal resolvi\u00f3 solicitar un informe sobre la situaci\u00f3n del \u00e1rbol en relaci\u00f3n con la obra en ejecuci\u00f3n. El objetivo es contar con informaci\u00f3n t\u00e9cnica y administrativa antes de avanzar en definiciones.<\/p>\n<p>En la presentaci\u00f3n ante el concejo se adjuntaron m\u00e1s de 700 firmas en escrito junto a una cantidad similar en la cuenta oficial de Change.org.<\/p>\n<h6>Fuente: Cordillerano<\/h6>\n","protected":false},"excerpt":{"rendered":"<p>Vecinos buscan frenar el traslado del \u00e1rbol hist\u00f3rico en medio de una obra hotelera.<\/p>\n","protected":false},"author":2,"featured_media":163310,"comment_status":"closed","ping_status":"closed","sticky":false,"template":"","format":"standard","meta":{"footnotes":""},"categories":[2],"tags":[11],"class_list":["post-163309","post","type-post","status-publish","format-standard","has-post-thumbnail","hentry","category-informe-municipal","tag-rio-negro"],"_links":{"self":[{"href":"http:\/\/argentinamunicipal.com.ar\/argentina\/wp-json\/wp\/v2\/posts\/163309","targetHints":{"allow":["GET"]}}],"collection":[{"href":"http:\/\/argentinamunicipal.com.ar\/argentina\/wp-json\/wp\/v2\/posts"}],"about":[{"href":"http:\/\/argentinamunicipal.com.ar\/argentina\/wp-json\/wp\/v2\/types\/post"}],"author":[{"embeddable":true,"href":"http:\/\/argentinamunicipal.com.ar\/argentina\/wp-json\/wp\/v2\/users\/2"}],"replies":[{"embeddable":true,"href":"http:\/\/argentinamunicipal.com.ar\/argentina\/wp-json\/wp\/v2\/comments?post=163309"}],"version-history":[{"count":1,"href":"http:\/\/argentinamunicipal.com.ar\/argentina\/wp-json\/wp\/v2\/posts\/163309\/revisions"}],"predecessor-version":[{"id":163311,"href":"http:\/\/argentinamunicipal.com.ar\/argentina\/wp-json\/wp\/v2\/posts\/163309\/revisions\/163311"}],"wp:featuredmedia":[{"embeddable":true,"href":"http:\/\/argentinamunicipal.com.ar\/argentina\/wp-json\/wp\/v2\/media\/163310"}],"wp:attachment":[{"href":"http:\/\/argentinamunicipal.com.ar\/argentina\/wp-json\/wp\/v2\/media?parent=163309"}],"wp:term":[{"taxonomy":"category","embeddable":true,"href":"http:\/\/argentinamunicipal.com.ar\/argentina\/wp-json\/wp\/v2\/categories?post=163309"},{"taxonomy":"post_tag","embeddable":true,"href":"http:\/\/argentinamunicipal.com.ar\/argentina\/wp-json\/wp\/v2\/tags?post=163309"}],"curies":[{"name":"wp","href":"https:\/\/api.w.org\/{rel}","templated":true}]}}