{"id":16340,"date":"2014-10-11T10:06:45","date_gmt":"2014-10-11T13:06:45","guid":{"rendered":"http:\/\/argentinamunicipal.com.ar\/argentina\/?p=16340"},"modified":"2014-10-11T10:06:45","modified_gmt":"2014-10-11T13:06:45","slug":"se-produjo-ayer-la-apertura-oficial-de-la-expojuy-2014","status":"publish","type":"post","link":"http:\/\/argentinamunicipal.com.ar\/argentina\/se-produjo-ayer-la-apertura-oficial-de-la-expojuy-2014\/","title":{"rendered":"Se produjo ayer la apertura oficial de la Expojuy 2014"},"content":{"rendered":"<p><a href=\"http:\/\/argentinamunicipal.com.ar\/argentina\/wp-content\/uploads\/2014\/10\/13331_Foto_10_de_octubre_29.jpg\"><img loading=\"lazy\" decoding=\"async\" class=\"aligncenter  wp-image-16341\" src=\"http:\/\/argentinamunicipal.com.ar\/argentina\/wp-content\/uploads\/2014\/10\/13331_Foto_10_de_octubre_29.jpg\" alt=\"13331_Foto_10_de_octubre_29\" width=\"688\" height=\"526\" srcset=\"http:\/\/argentinamunicipal.com.ar\/argentina\/wp-content\/uploads\/2014\/10\/13331_Foto_10_de_octubre_29.jpg 800w, http:\/\/argentinamunicipal.com.ar\/argentina\/wp-content\/uploads\/2014\/10\/13331_Foto_10_de_octubre_29-300x229.jpg 300w\" sizes=\"auto, (max-width: 688px) 100vw, 688px\" \/><\/a><br \/>\nAutoridades de la regi\u00f3n, representantes gubernamentales de Chile y referentes del empresariado y la producci\u00f3n se dieron cita en el predio de la Sociedad Rural Juje\u00f1a para la ceremonia inaugural.<\/p>\n<p>Bajo el lema \u201cInsertando a Jujuy en el mundo\u201d, ayer dio inicio la Expojuy 2014, que abri\u00f3 sus puertas en el predio de la Sociedad Rural Juje\u00f1a.<\/p>\n<p>El acto protocolar con que se dej\u00f3 inaugurada la muestra fue presidido por el gobernador Eduardo Fellner y el presidente de la C\u00e1mara de Comercio Exterior de Jujuy -entidad organizadora- Ra\u00fal Villafa\u00f1e, acompa\u00f1ados por autoridades chilenas que llevaron la representaci\u00f3n del XXVI Comit\u00e9 de Integraci\u00f3n Regional NOA Norte Grande que deliber\u00f3 ayer y hoy en esta capital. As\u00ed, se cont\u00f3 con la presencia del intendente regional de Trapac\u00e1, Mitchel C\u00e1rtes Tamayo, y el gobernador de Loa, Claudio Lagos, a quienes se sumaron el intendente de San Salvador de Jujuy, Ra\u00fal Jorge, y el obispo de Jujuy, monse\u00f1or C\u00e9sar Daniel Fern\u00e1ndez.<\/p>\n<p>La ceremonia comenz\u00f3 con la tradicional fanfarria a cargo de la banda \u201cCazadores de los Andes\u201d del Regimiento de Infanter\u00eda 20 y la posterior entonaci\u00f3n del Himno Nacional.<\/p>\n<p>Luego las primeras palabras en alusi\u00f3n a la apertura de la muestra estuvieron a cargo del titular de la C\u00e1mara de Comercio Exterior, Ra\u00fal Villafa\u00f1e, que destac\u00f3 que \u201cesta edici\u00f3n de Expojuy no solo tiene como objetivo visibilizar a las peque\u00f1as, medianas y grandes empresas de nuestra provincia, sino en estos tiempos dif\u00edciles posicionar nuestra regi\u00f3n y expandir nuestra productividad, por eso hablamos de \u2018insertar a Jujuy en el mundo\u2019\u201d, lo cual -afirm\u00f3- depende \u201cde nosotros mismos\u201d.<\/p>\n<p>A la vez Villafa\u00f1e afirm\u00f3 que este tipo de encuentros \u201csuma para la creaci\u00f3n de puesto de trabajo\u201d, es por ello que \u201ccomprometidos, trabajamos para construir una realidad distinta\u201d.<\/p>\n<p>Luego fue el momento de la tradicional bendici\u00f3n, marco en el que el Obispo de Jujuy pronunci\u00f3 palabras de fraternidad y esperanza a mismo tiempo que augur\u00f3 \u201cuna pr\u00f3spera semana de trabajo para todos los expositores y para todos los juje\u00f1os que disfrutar\u00e1n de esta imponete exposici\u00f3n\u201d.<\/p>\n<p>A continuaci\u00f3n se dirigi\u00f3 a la concurrencia el gobernador Eduardo Fellner para destacar la \u201clabor que realizan los trabajadores y las empresas que participan en cada edici\u00f3n de esta importante exposici\u00f3n\u201d y agradeci\u00f3 la presencia de las familias juje\u00f1as que se vuelcan masivamente al predio de la Rural para tomar contacto con esta realidad de la producci\u00f3n y el empresariado local.<\/p>\n<p>En tal sentido el mandatario provincial destac\u00f3 \u201cel crecimiento econ\u00f3mico real de la provincia y el trabajo en los \u00faltimos a\u00f1os que se ve reflejado en este tipo de iniciativas\u201d, marco en el que subray\u00f3 el desaf\u00edo de \u201ccrecer mucho m\u00e1s asumiendo riesgos, porque Jujuy si quiere crecer -afirm\u00f3- y no hay que tener miedo a la renovaci\u00f3n de su gente y el compromiso con Jujuy\u201d, concluy\u00f3.<\/p>\n<p>Luego los funcionarios e invitados especiales recorrieron los diferentes stands de la Expojuy intercambiando opiniones y comentarios con el p\u00fablico.<\/p>\n<p>Esta edici\u00f3n se extender\u00e1 hasta el domingo 19 de octubre, lapso en el que los juje\u00f1os podr\u00e1n disfrutar de una recorrida por la producci\u00f3n de la provincia y las empresas que cada d\u00eda apuestan al crecimiento de la provincia. El p\u00fablico podr\u00e1 visitarla de lunes a viernes de 17:00 a 23:00, s\u00e1bados, domingos y feriado de 15:00 a 24:00.<\/p>\n<p>Cabe destacar que la 12ma. edici\u00f3n de la Expojuy fue declarada \u201cde inter\u00e9s legislativo\u201d por la Legislatura de la Provincia y \u201cde inter\u00e9s municipal\u201d por la comuna capitalina.<\/p>\n<h6>Fuente: Preg\u00f3n<\/h6>\n","protected":false},"excerpt":{"rendered":"<p>Autoridades de la regi\u00f3n, representantes gubernamentales de Chile y referentes del empresariado y la producci\u00f3n se dieron cita en el predio de la Sociedad Rural Juje\u00f1a para la ceremonia inaugural. Bajo el lema \u201cInsertando a Jujuy en el mundo\u201d, ayer dio inicio la Expojuy 2014, que abri\u00f3 sus puertas en el predio de la Sociedad<\/p>\n","protected":false},"author":2,"featured_media":16341,"comment_status":"closed","ping_status":"closed","sticky":false,"template":"","format":"standard","meta":{"footnotes":""},"categories":[2],"tags":[25],"class_list":["post-16340","post","type-post","status-publish","format-standard","has-post-thumbnail","hentry","category-informe-municipal","tag-jujuy"],"_links":{"self":[{"href":"http:\/\/argentinamunicipal.com.ar\/argentina\/wp-json\/wp\/v2\/posts\/16340","targetHints":{"allow":["GET"]}}],"collection":[{"href":"http:\/\/argentinamunicipal.com.ar\/argentina\/wp-json\/wp\/v2\/posts"}],"about":[{"href":"http:\/\/argentinamunicipal.com.ar\/argentina\/wp-json\/wp\/v2\/types\/post"}],"author":[{"embeddable":true,"href":"http:\/\/argentinamunicipal.com.ar\/argentina\/wp-json\/wp\/v2\/users\/2"}],"replies":[{"embeddable":true,"href":"http:\/\/argentinamunicipal.com.ar\/argentina\/wp-json\/wp\/v2\/comments?post=16340"}],"version-history":[{"count":0,"href":"http:\/\/argentinamunicipal.com.ar\/argentina\/wp-json\/wp\/v2\/posts\/16340\/revisions"}],"wp:featuredmedia":[{"embeddable":true,"href":"http:\/\/argentinamunicipal.com.ar\/argentina\/wp-json\/wp\/v2\/media\/16341"}],"wp:attachment":[{"href":"http:\/\/argentinamunicipal.com.ar\/argentina\/wp-json\/wp\/v2\/media?parent=16340"}],"wp:term":[{"taxonomy":"category","embeddable":true,"href":"http:\/\/argentinamunicipal.com.ar\/argentina\/wp-json\/wp\/v2\/categories?post=16340"},{"taxonomy":"post_tag","embeddable":true,"href":"http:\/\/argentinamunicipal.com.ar\/argentina\/wp-json\/wp\/v2\/tags?post=16340"}],"curies":[{"name":"wp","href":"https:\/\/api.w.org\/{rel}","templated":true}]}}