{"id":163422,"date":"2026-04-22T04:24:57","date_gmt":"2026-04-22T07:24:57","guid":{"rendered":"http:\/\/argentinamunicipal.com.ar\/argentina\/?p=163422"},"modified":"2026-04-22T06:26:36","modified_gmt":"2026-04-22T09:26:36","slug":"alerta-autoridades-del-inti-anunciaron-despidos-masivos","status":"publish","type":"post","link":"http:\/\/argentinamunicipal.com.ar\/argentina\/alerta-autoridades-del-inti-anunciaron-despidos-masivos\/","title":{"rendered":"Alerta: autoridades del Inti anunciaron \u201cdespidos masivos\u201d"},"content":{"rendered":"<p>Miguel Romero, presidente del organismo, confirm\u00f3 que desde el Ministerio de Desregulaci\u00f3n piden una \u201cnueva estructura\u201c y la \u201ddesvinculaci\u00f3n de 700 agentes\u201c<\/p>\n<p>Las autoridades del Instituto Nacional de Tecnolog\u00eda Industrial (INTI) anunciaron \u201cdespidos masivos\u201d, luego de que el presidente del organismo Miguel Romero confirmara que, desde el Ministerio de Transformaci\u00f3n y Desregulaci\u00f3n del Estado comandado por Federico Sturzenegger, solicitan \u201cuna nueva estructura\u201d y la \u201cdesvinculaci\u00f3n de m\u00e1s de 700 agentes\u201d.<\/p>\n<p>Esta informaci\u00f3n surgi\u00f3 luego de que finalizara el encuentro que se llev\u00f3 a cabo, durante este mediod\u00eda, con el Consejo Directivo y funcionarios de primera l\u00ednea del INTI.<\/p>\n<p>\u201cLa cantidad de bajas que se pide desde el Ministerio de Sturzenegger es muy superior a los 700 despidos que se est\u00e1n comentando, incluso ese n\u00famero podr\u00eda solo representar la mitad de lo que le exigen desde el Gobierno Nacional\u201d, manifestaron desde un comunicado.<\/p>\n<p>Las autoridades del INTI anunciaron \u201cdespidos masivos\u201d<br \/>\nPor su parte, Romero manifest\u00f3 que si esos despidos se concretan \u201cno ser\u00e1n bajo su gesti\u00f3n\u201d, ya que \u201cni \u00e9l ni ninguno de sus funcionarios los van a firmar\u201d: \u00abEl acuerdo no era este, era bajar servicios pero no despedir\u00bb, agreg\u00f3.<\/p>\n<p>En este contexto, los trabajadores y delegados del INTI convocaron a una jornada de lucha para este martes 21, a partir de las 10, donde habr\u00e1 una conferencia de prensa en al puerta del organismo, con el objetivo de repudiar el accionar del Gobierno Nacional \u201cpor la situaci\u00f3n a la que los han llevado\u201d y por las consecuencias que esto acarrear\u00e1 no s\u00f3lo puertas adentro, sino tambi\u00e9n fuera del Instituto.<\/p>\n<h6>Fuente: El Ciudadano<\/h6>\n","protected":false},"excerpt":{"rendered":"<p>Miguel Romero, presidente del organismo, confirm\u00f3 que desde el Ministerio de Desregulaci\u00f3n piden una \u201cnueva estructura\u201c y la \u201ddesvinculaci\u00f3n de 700 agentes\u201c<\/p>\n","protected":false},"author":2,"featured_media":163423,"comment_status":"closed","ping_status":"closed","sticky":false,"template":"","format":"standard","meta":{"footnotes":""},"categories":[8],"tags":[21],"class_list":["post-163422","post","type-post","status-publish","format-standard","has-post-thumbnail","hentry","category-informe-nacional","tag-argentina"],"_links":{"self":[{"href":"http:\/\/argentinamunicipal.com.ar\/argentina\/wp-json\/wp\/v2\/posts\/163422","targetHints":{"allow":["GET"]}}],"collection":[{"href":"http:\/\/argentinamunicipal.com.ar\/argentina\/wp-json\/wp\/v2\/posts"}],"about":[{"href":"http:\/\/argentinamunicipal.com.ar\/argentina\/wp-json\/wp\/v2\/types\/post"}],"author":[{"embeddable":true,"href":"http:\/\/argentinamunicipal.com.ar\/argentina\/wp-json\/wp\/v2\/users\/2"}],"replies":[{"embeddable":true,"href":"http:\/\/argentinamunicipal.com.ar\/argentina\/wp-json\/wp\/v2\/comments?post=163422"}],"version-history":[{"count":1,"href":"http:\/\/argentinamunicipal.com.ar\/argentina\/wp-json\/wp\/v2\/posts\/163422\/revisions"}],"predecessor-version":[{"id":163424,"href":"http:\/\/argentinamunicipal.com.ar\/argentina\/wp-json\/wp\/v2\/posts\/163422\/revisions\/163424"}],"wp:featuredmedia":[{"embeddable":true,"href":"http:\/\/argentinamunicipal.com.ar\/argentina\/wp-json\/wp\/v2\/media\/163423"}],"wp:attachment":[{"href":"http:\/\/argentinamunicipal.com.ar\/argentina\/wp-json\/wp\/v2\/media?parent=163422"}],"wp:term":[{"taxonomy":"category","embeddable":true,"href":"http:\/\/argentinamunicipal.com.ar\/argentina\/wp-json\/wp\/v2\/categories?post=163422"},{"taxonomy":"post_tag","embeddable":true,"href":"http:\/\/argentinamunicipal.com.ar\/argentina\/wp-json\/wp\/v2\/tags?post=163422"}],"curies":[{"name":"wp","href":"https:\/\/api.w.org\/{rel}","templated":true}]}}