{"id":163425,"date":"2026-04-23T05:52:37","date_gmt":"2026-04-23T08:52:37","guid":{"rendered":"http:\/\/argentinamunicipal.com.ar\/argentina\/?p=163425"},"modified":"2026-04-23T05:52:37","modified_gmt":"2026-04-23T08:52:37","slug":"brandsen-fiesta-provincial-del-carruaje","status":"publish","type":"post","link":"http:\/\/argentinamunicipal.com.ar\/argentina\/brandsen-fiesta-provincial-del-carruaje\/","title":{"rendered":"Brandsen: Fiesta provincial del Carruaje"},"content":{"rendered":"<p>La ciudad de Brandsen se vestir\u00e1 de tradici\u00f3n el pr\u00f3ximo domingo 26 con la llegada de la XVIII Fiesta Provincial del Carruaje, un evento que busca celebrar y mantener vivas las ra\u00edces gauchescas de la regi\u00f3n.<\/p>\n<p>Organizada en conjunto por el Centro Tradicionalista Coronel Brandsen y la Comuna, la jornada promete actividades para toda la familia; resalt\u00f3 InfoBrandsen.<\/p>\n<p>Desde la organizaci\u00f3n revelaron que habr\u00e1 Danzas Populares; Entrevero de Tropillas; la presencia de la Banda del Regimiento de Infanter\u00eda Mecanizada 7; la participaci\u00f3n de la Asociaci\u00f3n Criolla Argentina y la Chata \u201cLa Luz del Desierto\u201d. Ademas, habr\u00e1 Paseo de Artesanos y patio gastron\u00f3mico con asador criollo.<\/p>\n<p>Desde las 11, el predio de la Cooperativa de Agua Potable, ubicado en la calle Moreno entre San Mart\u00edn y Beruti, ser\u00e1 el punto de encuentro para el entrevero de tropillas y venta de asado por kilo para un almuerzo tradicionalista con la oportunidad de disfrutarlo en el lugar.<\/p>\n<p>La celebraci\u00f3n continuar\u00e1 a las 13 con la apertura formal del festival sobre la avenida Rivadavia con Desfile de Carruajes y la participaci\u00f3n del Taller de Danzas Nativas a cargo de Marta D\u00edaz.<\/p>\n<p>Asimismo, se desplegar\u00e1 un atractivo patio gastron\u00f3mico y paseo de artesano sobre S\u00e1enz Pe\u00f1a desde Paso hasta la Plazoleta Pancho Alcuaz con una variedad de opciones culinarias y un paseo de artesanos.<\/p>\n<p>\u201cDesde el Centro Tradicionalista Coronel Brandsen, los invitamos a ser parte de esta fiesta que sigue creciendo a\u00f1o a a\u00f1o. Un encuentro que nos re\u00fane como comunidad, donde la tradici\u00f3n vuelve a hacerse presente en cada rinc\u00f3n\u201d, expresaron desde la organizaci\u00f3n y subrayaron que ser\u00e1 una jornada \u201cpara compartir en familia, y volver a sentir el orgullo de lo nuestro\u201d.<\/p>\n<h6>Fuente: elteclado.com.ar<\/h6>\n","protected":false},"excerpt":{"rendered":"<p>La ciudad de Brandsen se vestir\u00e1 de tradici\u00f3n el pr\u00f3ximo domingo 26 con la llegada de la XVIII Fiesta Provincial del Carruaje, un evento que busca celebrar y mantener vivas las ra\u00edces gauchescas de la regi\u00f3n.\u00a0<\/p>\n","protected":false},"author":2,"featured_media":163426,"comment_status":"closed","ping_status":"closed","sticky":false,"template":"","format":"standard","meta":{"footnotes":""},"categories":[47],"tags":[12],"class_list":["post-163425","post","type-post","status-publish","format-standard","has-post-thumbnail","hentry","category-fiestas","tag-buenos-aires"],"_links":{"self":[{"href":"http:\/\/argentinamunicipal.com.ar\/argentina\/wp-json\/wp\/v2\/posts\/163425","targetHints":{"allow":["GET"]}}],"collection":[{"href":"http:\/\/argentinamunicipal.com.ar\/argentina\/wp-json\/wp\/v2\/posts"}],"about":[{"href":"http:\/\/argentinamunicipal.com.ar\/argentina\/wp-json\/wp\/v2\/types\/post"}],"author":[{"embeddable":true,"href":"http:\/\/argentinamunicipal.com.ar\/argentina\/wp-json\/wp\/v2\/users\/2"}],"replies":[{"embeddable":true,"href":"http:\/\/argentinamunicipal.com.ar\/argentina\/wp-json\/wp\/v2\/comments?post=163425"}],"version-history":[{"count":1,"href":"http:\/\/argentinamunicipal.com.ar\/argentina\/wp-json\/wp\/v2\/posts\/163425\/revisions"}],"predecessor-version":[{"id":163427,"href":"http:\/\/argentinamunicipal.com.ar\/argentina\/wp-json\/wp\/v2\/posts\/163425\/revisions\/163427"}],"wp:featuredmedia":[{"embeddable":true,"href":"http:\/\/argentinamunicipal.com.ar\/argentina\/wp-json\/wp\/v2\/media\/163426"}],"wp:attachment":[{"href":"http:\/\/argentinamunicipal.com.ar\/argentina\/wp-json\/wp\/v2\/media?parent=163425"}],"wp:term":[{"taxonomy":"category","embeddable":true,"href":"http:\/\/argentinamunicipal.com.ar\/argentina\/wp-json\/wp\/v2\/categories?post=163425"},{"taxonomy":"post_tag","embeddable":true,"href":"http:\/\/argentinamunicipal.com.ar\/argentina\/wp-json\/wp\/v2\/tags?post=163425"}],"curies":[{"name":"wp","href":"https:\/\/api.w.org\/{rel}","templated":true}]}}