{"id":163434,"date":"2026-04-23T06:03:28","date_gmt":"2026-04-23T09:03:28","guid":{"rendered":"http:\/\/argentinamunicipal.com.ar\/argentina\/?p=163434"},"modified":"2026-04-23T06:03:28","modified_gmt":"2026-04-23T09:03:28","slug":"160-intendentes-de-cordoba-repudiaron-los-recortes-en-el-pami-y-reclamaron-los-pagos-adeudados","status":"publish","type":"post","link":"http:\/\/argentinamunicipal.com.ar\/argentina\/160-intendentes-de-cordoba-repudiaron-los-recortes-en-el-pami-y-reclamaron-los-pagos-adeudados\/","title":{"rendered":"160 intendentes de C\u00f3rdoba repudiaron los recortes en el PAMI y reclamaron los pagos adeudados"},"content":{"rendered":"<p>Jefes comunales del interior provincial entregan un petitorio en la obra social, rechazaron el desfinanciamiento y exigiendo la cancelaci\u00f3n de las deudas que repercuten los servicios m\u00e9dicos.<\/p>\n<p>160 intendentes\u00a0de\u00a0C\u00f3rdoba cuestionaron los recortes\u00a0que el gobierno de Javier Milei impuso en el\u00a0PAMI. El centenar de jefes comunales present\u00f3 un documento en la instituci\u00f3n, reclamando por los pagos adeudados y por la falta de medicamentos en las sedes del interior.<\/p>\n<p>Los representantes de los municipios aseguraron que\u00a0utilizan fondos propios\u00a0para garantizar la atenci\u00f3n de los adultos y adultas mayores en los hospitales locales ante el incumplimiento de la\u00a0obra social nacional.<\/p>\n<p>Intendentes de diferentes colores pol\u00edticos se posicionaron en contra del desguace de la instituci\u00f3n que debe asistir a\u00a0jubilados y jubiladas, se\u00f1alando que ante las constantes fallas\u00a0aumenta la demanda en los centros de salud municipales.<\/p>\n<p>En el texto presentado, los intendentes denunciaron\u00a0demoras en las transferencias a las farmacias\u00a0y alertaron sobre el deterioro en las prestaciones generales.<\/p>\n<p>A su vez, expusieron las fallas operativas en el sistema de traslados en ambulancia, subrayando que las empresas contratadas no cumplen con el servicio. En este contexto, las comunas\u00a0terminan absorbiendo\u00a0los gastos extras\u00a0para asegurar las derivaciones de los pacientes, seg\u00fan report\u00f3 Cba24n.<\/p>\n<p>Los firmantes solicitaron la apertura de una mesa de trabajo institucional para destrabar el conflicto.<\/p>\n<p>Los intendentes\u00a0 que participaron del reclamo son:\u00a0Jos\u00e9 Ord\u00f3\u00f1ez (Pueblo Italiano); Daniela Imolas (Aldea Santa Mar\u00eda); Edgard Bruno (Canals); Aliain Correa (Benjamin Gould); Jaquelina Ojeda (Colonia Bremme); Leandro Dignani (Colonia Bismark); Luis Trote (Monte Ma\u00edz); Daniel Mondino (Escalante); Mar\u00eda Cristina Sanabria (Laborde); Mariela Lolich (Pasanas); Juan Pablo Vassia (Idiaz\u00e1bal); Pablo L. de Guevara (Ord\u00f3\u00f1ez); Gustavo Isoardi (Monte Le\u00f1a); Claudia Godoy (San Marcos Sud); Marcelo Bjorklund (Noetinger); C\u00e9sar Morena (Chilibroste); Enrique M\u00e9ndez Paz (Cintra); Nelson Gonz\u00e1lez (San Antonio); Jose A Gigli (Alto Alegre); Santo Janices (Ana Zumar\u00e1n); Graciela S\u00e1nchez (Ballesteros); Elena Bertero (Ballesteros Sud); Gustavo Reitano (Morrison); Ramiro Dimateo (Villa los Patos); Rodolfo Marguerit (Justiniano Posse); Marisel Sanchez (Charbonier); Carla Villanova (Del Campillo); Mar\u00eda Antonella Lamberti (Buchardo); Claudio Medero (Villa Valeria); Juan Guevara (San Esteban); Iv\u00e1n V\u00e9lez (Ci\u00e9naga del Coro); Ariel Vidoret (Italo); Enzo Quiroga (Villa Huidobro); Elvio Ben\u00edtez (Villa Rossi); Luciano Vrancic (San Marcos Sierra); Daniel Pastorino (Villa los Aromos); Guillermo Legorburu (Las Cesiras); Fernando Ruiz D\u00edaz (Pozo del Molle); Carolina Airaudo (Melo); Nelson Basualdo (San Isidro la Quintana); Celia Giorgis (Seeber); Carlos Oviedo (Villa Cura Brochero); Franco Oviedo (Lozada); Martin Garc\u00eda (San Javier y Yacanto); Mabel Godoy (Quilino); Walter Sim\u00f3n (Leguizam\u00f3n); Claudia Acosta (Mi Granja); Ariel Petrochi (T\u00edo Pujio); Julio Gantus (Villa Rumipal); Mauricio Actis (Brinkmann); Carlos Entesano (El Fort\u00edn); Franco Castellina (La Francia); Beatriz Guti\u00e9rrez (R\u00edo Bamba); Maximiliano Rossetto (Santa Catalina); Emiliano Torrez (Villa del Dique); Fabi\u00e1n Mac\u00edas (Las Varas); Luciano Garay (San Pedro Norte); Valeria Montoya (Churqui Ca\u00f1ada); Claudio Boretto (Las Isletillas); Lara L\u00f3pez (Rosario del Saladillo); Daniela Groso (Pampayasta Norte); Melina Reta (Dique Chico); Eduardo Colombero (Colonia San Bartolom\u00e9); Nahuel Biole (Las Pe\u00f1as Sud); Franco Su\u00e1rez (Sampacho); Miguel M\u00e9ndez (Balnearia); V\u00edctor Biagioli (Villa Fontana); Gonzalo Querro (Corralito); Silvana Michelini (Los Cerrillos); Ramon Funes (La Paz); Maximiliano Pereyra (Luyaba); Jorge Gudi\u00f1o (El Ara\u00f1ado); Marcos Ferace (Santiago Temple); Jorge Marino (Adelia Mar\u00eda); Emilia Rodr\u00edguez (Punta del Agua); Gisela Barrionuevo (Santa Eufemia); Mat\u00edas Ram\u00edrez (Nono); German Baldo (Freyre); Alejandro Arenas Diez (Capilla del Monte); Graciela Gonz\u00e1lez (Tuclame); Emiliano Rattazzi (Charras); Jorgelina Dom\u00ednguez (Bengolea); David Moreno (Piquill\u00edn); Natalia Bellon (La Carlota); Sergio Avalis (Las Perdices); Dar\u00edo Arta (Estaci\u00f3n General Paz); Flavia Bonelli (Suco); Carlos Guzm\u00e1n Cardozo (La Serranita); Dalma Bustos (Tinoco); Sol Ochoa (Simbolar); Evelin Artusso (Assunta); Daniel Medina (Las Arrias); Gisela Becerra (Los Mistoles); Jos\u00e9 Mar\u00eda Garz\u00f3n (El Manzano); Miguel Aguirre (Agua de Oro); Maico Becco (La Palestina); Rosana Ferreyra (La Cautiva); Rub\u00e9n Maspero (Bulnes); David Estrasorier (Salsipuedes); Agusto Arietti (Luca); Ismael Boni (Serrano); Nicol\u00e1s Merlo (Valle Anisacate); Jorge Denapoli (Alta Gracia); Natalia Dis Pace (Cerro Azul); Fabi\u00e1n Galfione (Los Zorros); Gabriel Faletto (Marul); Ariel Panichelli (Rosales); Oscar Santarelli (Villa General Belgrano); Claudia Bordoni (La Tordilla); Gustavo Dalbo (Cavanagh); Leonardo Cravero (Malena); Carlos Fullana (Altos del Chipi\u00f3n); N\u00e9stor Peralta (Chajan); Viviana Espadoni (Los Cedros); Elias Balduzzi (Costa Sacate); Marcelo Ruiz (San Jos\u00e9 de las Salinas); Paola Nanini (Colonia Caroya); Sergio Temporini (Colazo); Dami\u00e1n Bernarte (San Francisco); Ana Ascuet (Las Pichanas); Fabi\u00e1n Violo (Tr\u00e1nsito); Guillermo Valli (Unquillo); Patricia Molina (Esquina D\u00edaz); Ariel (Despe\u00f1aderos); Ana Gait\u00e1n (Cuesta Blanca); German Agaccio (Mattaldi); Federico Qui\u00f1ones (Silvio Pelico); Carla Bruno (Cabalango); Yamila D\u00edaz (La Pampa); Ariel Moyano (San Antonio de Arredondo); Gast\u00f3n Mazzalay (Malvinas Argentinas); Daniel Haniewicz (Monte Cristo); Sebasti\u00e1n Demarchi (Mortero); Horacio Demetris (Santurnino Mar\u00eda Laspiur); Dardo Pereyra (Pasco); Guillermo De Rivas (R\u00edo Cuarto); Alejandra Ita (Colonia Italiana); Nora Bessone (Capitan Gral. B. O&#8217;Higgins); Julieta Aquino (Inriville); Franco Villar (La Playosa); Miguel \u00c1ngel Maradona (Colonia Prosperidad); Edgard Yordan (Saira); H\u00e9ctor Nardi (Monte Ralo); Dar\u00edo Quiroga (Saladillo); Jorge Bustamante (San Roque); Silvina Mansilla (Obispo Trejo); Eduardo Accastello (Villa Mar\u00eda); Ricardo Luis Granja (R\u00edo Segundo); Patricio Olmedo (Manfredi); Fernando D\u00edaz (Pozo del Molle); Franco Cingolani (Matorrales); Ramiro Brondino (Colonia Videla); Miguel P\u00e9rez (Rinc\u00f3n); Agustin Bianchino (Alicia); Miguel Vanetti (La Rancherita); Ra\u00fal Cardinalli (Cosqu\u00edn).<\/p>\n<h6>Fuente: La Nueva Ma\u00f1ana<\/h6>\n","protected":false},"excerpt":{"rendered":"<p>Jefes comunales del interior provincial entregan un petitorio en la obra social, rechazaron el desfinanciamiento y exigiendo la cancelaci\u00f3n de las deudas que repercuten los servicios m\u00e9dicos.\u00a0<\/p>\n","protected":false},"author":2,"featured_media":163435,"comment_status":"closed","ping_status":"closed","sticky":false,"template":"","format":"standard","meta":{"footnotes":""},"categories":[4],"tags":[3],"class_list":["post-163434","post","type-post","status-publish","format-standard","has-post-thumbnail","hentry","category-informe-politico","tag-cordoba"],"_links":{"self":[{"href":"http:\/\/argentinamunicipal.com.ar\/argentina\/wp-json\/wp\/v2\/posts\/163434","targetHints":{"allow":["GET"]}}],"collection":[{"href":"http:\/\/argentinamunicipal.com.ar\/argentina\/wp-json\/wp\/v2\/posts"}],"about":[{"href":"http:\/\/argentinamunicipal.com.ar\/argentina\/wp-json\/wp\/v2\/types\/post"}],"author":[{"embeddable":true,"href":"http:\/\/argentinamunicipal.com.ar\/argentina\/wp-json\/wp\/v2\/users\/2"}],"replies":[{"embeddable":true,"href":"http:\/\/argentinamunicipal.com.ar\/argentina\/wp-json\/wp\/v2\/comments?post=163434"}],"version-history":[{"count":1,"href":"http:\/\/argentinamunicipal.com.ar\/argentina\/wp-json\/wp\/v2\/posts\/163434\/revisions"}],"predecessor-version":[{"id":163436,"href":"http:\/\/argentinamunicipal.com.ar\/argentina\/wp-json\/wp\/v2\/posts\/163434\/revisions\/163436"}],"wp:featuredmedia":[{"embeddable":true,"href":"http:\/\/argentinamunicipal.com.ar\/argentina\/wp-json\/wp\/v2\/media\/163435"}],"wp:attachment":[{"href":"http:\/\/argentinamunicipal.com.ar\/argentina\/wp-json\/wp\/v2\/media?parent=163434"}],"wp:term":[{"taxonomy":"category","embeddable":true,"href":"http:\/\/argentinamunicipal.com.ar\/argentina\/wp-json\/wp\/v2\/categories?post=163434"},{"taxonomy":"post_tag","embeddable":true,"href":"http:\/\/argentinamunicipal.com.ar\/argentina\/wp-json\/wp\/v2\/tags?post=163434"}],"curies":[{"name":"wp","href":"https:\/\/api.w.org\/{rel}","templated":true}]}}