{"id":163437,"date":"2026-04-23T06:08:15","date_gmt":"2026-04-23T09:08:15","guid":{"rendered":"http:\/\/argentinamunicipal.com.ar\/argentina\/?p=163437"},"modified":"2026-04-23T06:08:15","modified_gmt":"2026-04-23T09:08:15","slug":"parana-un-amplio-arco-sindical-se-moviliza-contra-la-reforma-jubilatoria","status":"publish","type":"post","link":"http:\/\/argentinamunicipal.com.ar\/argentina\/parana-un-amplio-arco-sindical-se-moviliza-contra-la-reforma-jubilatoria\/","title":{"rendered":"Paran\u00e1: Un amplio arco sindical se moviliza contra la reforma jubilatoria"},"content":{"rendered":"<p>La Multisectorial que se opone a la reforma del sistema previsional que impulsa el Gobierno buscar\u00e1 exhibir fuerza este jueves durante la marcha provincial a Paran\u00e1 convocada por un amplio arco de gremios, organizaciones sociales y la Izquierda. La concentraci\u00f3n ser\u00e1 mayoritariamente a las 10 en Plaza 1\u00b0 de Mayo para desde all\u00ed marchar hasta Casa de Gobierno, donde se har\u00e1 el acto central.<\/p>\n<p>Entre los gremios que convocan est\u00e1 la Asociaci\u00f3n Gremial del Magisterio de Entre R\u00edos (Agmer), el Sindicato Argentino de Docentes Particulares (Sadop), la Asociaci\u00f3n Trabajadores del Estado (ATE), la Asociaci\u00f3n del Personal Legislativo de Entre R\u00edos (Apler), la Asociaci\u00f3n Judicial de Entre R\u00edos (AJER), la Federaci\u00f3n de Sindicatos de Trabajadores Municipales (Festram), el Sindicato Uni\u00f3n Obreros y Empleados Municipales (Suoyem), la Asociaci\u00f3n del Personal Superior (APS) de la Municipalidad de Paran\u00e1, el Sindicato de Luz y Fuerza, la Asociaci\u00f3n Bancaria y la Federaci\u00f3n de Jubilados y Pensionados de Entre R\u00edos.<\/p>\n<p>\u00abEl Gobierno es art\u00edfice del d\u00e9ficit\u201d, plantea Abel Antivero, secretario general de Agmer.\u00a0 \u201cPodemos tener diferentes estrategias o de caracterizaci\u00f3n del momento pol\u00edtico que vivimos, pero podemos convivir y sostener esta lucha. El punto en com\u00fan, el punto de encuentro, es la defensa de la Caja de Jubilaciones y de la Ley 8.732. Estamos convencidos y ratificamos: no es reforma; esto es un claro ajuste\u201d, asever\u00f3.<br \/>\n\u201cRatificamos nuestra defensa irrestricta de la Ley 8.732 y el principio del 82% m\u00f3vil como conquistas irrenunciables. Bajo el precepto constitucional de equidad, sostenemos que la estabilidad del sistema debe garantizarse mediante el aporte de los sectores con mayor capacidad contributiva, evitando retrocesos que perjudiquen a activos y jubilados. Nos movilizamos en unidad para asegurar que no se avance sobre derechos conquistados a espaldas de las y los trabajadores entrerrianos\u201d, se\u00f1alaron desde Sadop.<\/p>\n<p>Desde la Izquierda del MST\u00a0 convocaron a marcha \u00abcontra la reforma previsional regresiva de Frigerio.<br \/>\n\u201cLe decimos al gobernador y a los legisladores que no vamos a aceptar esta reforma previsional regresiva. Defendemos el sistema previsional entrerriano con un proyecto de ley que permitir\u00eda solventar el d\u00e9ficit sin ajustar a las y los trabajadores; un proyecto que estamos construyendo con mucha responsabilidad y que es un ejemplo\u201d, plante\u00f3 el titular de ATE, Oscar Muntes.<\/p>\n<h6>Fuente: entreriosahora.com<\/h6>\n","protected":false},"excerpt":{"rendered":"<p>La Multisectorial que se opone a la reforma del sistema previsional que impulsa el Gobierno buscar\u00e1 exhibir fuerza este jueves durante la marcha provincial a Paran\u00e1 convocada por un amplio arco de gremios, organizaciones sociales y la Izquierda.<\/p>\n","protected":false},"author":2,"featured_media":163438,"comment_status":"closed","ping_status":"closed","sticky":false,"template":"","format":"standard","meta":{"footnotes":""},"categories":[7],"tags":[17],"class_list":["post-163437","post","type-post","status-publish","format-standard","has-post-thumbnail","hentry","category-informe-sindical","tag-entre-rios"],"_links":{"self":[{"href":"http:\/\/argentinamunicipal.com.ar\/argentina\/wp-json\/wp\/v2\/posts\/163437","targetHints":{"allow":["GET"]}}],"collection":[{"href":"http:\/\/argentinamunicipal.com.ar\/argentina\/wp-json\/wp\/v2\/posts"}],"about":[{"href":"http:\/\/argentinamunicipal.com.ar\/argentina\/wp-json\/wp\/v2\/types\/post"}],"author":[{"embeddable":true,"href":"http:\/\/argentinamunicipal.com.ar\/argentina\/wp-json\/wp\/v2\/users\/2"}],"replies":[{"embeddable":true,"href":"http:\/\/argentinamunicipal.com.ar\/argentina\/wp-json\/wp\/v2\/comments?post=163437"}],"version-history":[{"count":1,"href":"http:\/\/argentinamunicipal.com.ar\/argentina\/wp-json\/wp\/v2\/posts\/163437\/revisions"}],"predecessor-version":[{"id":163439,"href":"http:\/\/argentinamunicipal.com.ar\/argentina\/wp-json\/wp\/v2\/posts\/163437\/revisions\/163439"}],"wp:featuredmedia":[{"embeddable":true,"href":"http:\/\/argentinamunicipal.com.ar\/argentina\/wp-json\/wp\/v2\/media\/163438"}],"wp:attachment":[{"href":"http:\/\/argentinamunicipal.com.ar\/argentina\/wp-json\/wp\/v2\/media?parent=163437"}],"wp:term":[{"taxonomy":"category","embeddable":true,"href":"http:\/\/argentinamunicipal.com.ar\/argentina\/wp-json\/wp\/v2\/categories?post=163437"},{"taxonomy":"post_tag","embeddable":true,"href":"http:\/\/argentinamunicipal.com.ar\/argentina\/wp-json\/wp\/v2\/tags?post=163437"}],"curies":[{"name":"wp","href":"https:\/\/api.w.org\/{rel}","templated":true}]}}