{"id":163452,"date":"2026-04-23T06:24:17","date_gmt":"2026-04-23T09:24:17","guid":{"rendered":"http:\/\/argentinamunicipal.com.ar\/argentina\/?p=163452"},"modified":"2026-04-23T06:24:17","modified_gmt":"2026-04-23T09:24:17","slug":"historico-paro-en-el-smn-denuncian-140-despidos-y-advierten-un-fuerte-impacto-por-la-reduccion-de-personal-en-ceres-y-sauce-viejo","status":"publish","type":"post","link":"http:\/\/argentinamunicipal.com.ar\/argentina\/historico-paro-en-el-smn-denuncian-140-despidos-y-advierten-un-fuerte-impacto-por-la-reduccion-de-personal-en-ceres-y-sauce-viejo\/","title":{"rendered":"Hist\u00f3rico paro en el SMN: denuncian 140 despidos y advierten un fuerte impacto por la reducci\u00f3n de personal en Ceres y Sauce Viejo"},"content":{"rendered":"<p>La medida de fuerza ser\u00e1 este viernes y afectar\u00e1 el funcionamiento de estaciones en todo el pa\u00eds. Desde ATE alertan que la reducci\u00f3n de personal ya limita mediciones clave y podr\u00eda complicar operaciones a\u00e9reas.<\/p>\n<p>El Servicio Meteorol\u00f3gico Nacional (SMN) realizar\u00e1 este viernes el primer paro de su historia, en rechazo a 140 despidos que, seg\u00fan denuncian desde el organismo, ya comenzaron a afectar la calidad del servicio en distintos puntos del pa\u00eds, incluidos Ceres y Sauce Viejo, en la provincia de Santa Fe.<\/p>\n<p>\u201cNunca hicimos un paro general\u201d, remarc\u00f3 la meteor\u00f3loga y delegada de ATE en el organismo, Carolina Moringo, al confirmar una medida que se desarrollar\u00e1 entre las 5 y las 12 del mediod\u00eda de este viernes. Durante ese lapso, solo se garantizar\u00e1n vuelos sanitarios y oficiales, mientras que los servicios comerciales y privados podr\u00edan sufrir demoras o cancelaciones.<\/p>\n<p><strong>Menos personal, menos mediciones<\/strong><\/p>\n<p>Uno de los principales cuestionamientos apunta al impacto directo de los despidos en el funcionamiento de las estaciones. En el caso de\u00a0Ceres, donde se redujo el plantel,\u00a0ya no se realizan mediciones durante la madrugada, lo que implica la p\u00e9rdida de datos clave.<\/p>\n<p>\u201cEra una estaci\u00f3n que med\u00eda las 24 horas, los 365 d\u00edas del a\u00f1o. Ahora pas\u00f3 a funcionar de 9 de la ma\u00f1ana a 9 de la noche\u201d, explic\u00f3 Moringo en declaraciones a la emisora LT10.<\/p>\n<p>La falta de registros nocturnos afecta indicadores sensibles, como el monitoreo de heladas, olas de calor o incluso el \u00edndice de estr\u00e9s t\u00e9rmico en la producci\u00f3n ganadera.<\/p>\n<p>La situaci\u00f3n se replica en\u00a0Sauce Viejo, donde tambi\u00e9n se discontinuaron las mediciones durante la noche. \u201cSi necesit\u00e1s hacer un vuelo en la madrugada, no vas a poder\u201d, advirti\u00f3 la especialista, al subrayar que la presencia de observadores es clave para brindar informaci\u00f3n en tiempo real sobre variables como viento, presi\u00f3n y visibilidad.<\/p>\n<p><strong>Impacto del paro en vuelos y servicios esenciales<\/strong><br \/>\nSeg\u00fan detall\u00f3 la delegada,\u00a0la ausencia de personal t\u00e9cnico compromete directamente la operatividad a\u00e9rea, ya que los datos meteorol\u00f3gicos son indispensables para despegues y aterrizajes. \u201cTiene que haber un observador. Aunque haya sistemas autom\u00e1ticos, alguien tiene que garantizar que funcionen correctamente\u201d, sostuvo.<\/p>\n<p>En ese sentido, advirti\u00f3 que\u00a0los recortes contradicen el argumento oficial de modernizaci\u00f3n, ya que la tecnolog\u00eda no reemplaza completamente la tarea humana, especialmente en estaciones que requieren control permanente.<\/p>\n<p><strong>Despidos de personal t\u00e9cnico<\/strong><br \/>\nOtro de los puntos se\u00f1alados por el gremio es el perfil de los trabajadores desvinculados. \u201cNo despidieron administrativos: son observadores meteorol\u00f3gicos, personal t\u00e9cnico formado durante a\u00f1os\u201d, explic\u00f3 Moringo. En muchos casos, se trata de trabajadores contratados, con menor estabilidad laboral y salarios m\u00e1s bajos.<\/p>\n<p>La medida de fuerza se da en un contexto clim\u00e1tico complejo, con eventos extremos en distintas regiones del pa\u00eds. En Santa Fe, por ejemplo,\u00a0las lluvias recientes y los anegamientos en el norte provincial volvieron a poner en evidencia la importancia de contar con datos precisos y continuos.<\/p>\n<p>As\u00ed, el conflicto en el SMN abre interrogantes sobre el funcionamiento del sistema: menos personal implica menos mediciones y, seg\u00fan plantean los trabajadores, podr\u00eda repercutir en la prestaci\u00f3n del servicio.<\/p>\n<h6>Fuente: Uno<\/h6>\n","protected":false},"excerpt":{"rendered":"<p>La medida de fuerza ser\u00e1 este viernes y afectar\u00e1 el funcionamiento de estaciones en todo el pa\u00eds. Desde ATE alertan que la reducci\u00f3n de personal ya limita mediciones clave y podr\u00eda complicar operaciones a\u00e9reas.<\/p>\n","protected":false},"author":2,"featured_media":163453,"comment_status":"closed","ping_status":"closed","sticky":false,"template":"","format":"standard","meta":{"footnotes":""},"categories":[2],"tags":[21],"class_list":["post-163452","post","type-post","status-publish","format-standard","has-post-thumbnail","hentry","category-informe-municipal","tag-argentina"],"_links":{"self":[{"href":"http:\/\/argentinamunicipal.com.ar\/argentina\/wp-json\/wp\/v2\/posts\/163452","targetHints":{"allow":["GET"]}}],"collection":[{"href":"http:\/\/argentinamunicipal.com.ar\/argentina\/wp-json\/wp\/v2\/posts"}],"about":[{"href":"http:\/\/argentinamunicipal.com.ar\/argentina\/wp-json\/wp\/v2\/types\/post"}],"author":[{"embeddable":true,"href":"http:\/\/argentinamunicipal.com.ar\/argentina\/wp-json\/wp\/v2\/users\/2"}],"replies":[{"embeddable":true,"href":"http:\/\/argentinamunicipal.com.ar\/argentina\/wp-json\/wp\/v2\/comments?post=163452"}],"version-history":[{"count":1,"href":"http:\/\/argentinamunicipal.com.ar\/argentina\/wp-json\/wp\/v2\/posts\/163452\/revisions"}],"predecessor-version":[{"id":163454,"href":"http:\/\/argentinamunicipal.com.ar\/argentina\/wp-json\/wp\/v2\/posts\/163452\/revisions\/163454"}],"wp:featuredmedia":[{"embeddable":true,"href":"http:\/\/argentinamunicipal.com.ar\/argentina\/wp-json\/wp\/v2\/media\/163453"}],"wp:attachment":[{"href":"http:\/\/argentinamunicipal.com.ar\/argentina\/wp-json\/wp\/v2\/media?parent=163452"}],"wp:term":[{"taxonomy":"category","embeddable":true,"href":"http:\/\/argentinamunicipal.com.ar\/argentina\/wp-json\/wp\/v2\/categories?post=163452"},{"taxonomy":"post_tag","embeddable":true,"href":"http:\/\/argentinamunicipal.com.ar\/argentina\/wp-json\/wp\/v2\/tags?post=163452"}],"curies":[{"name":"wp","href":"https:\/\/api.w.org\/{rel}","templated":true}]}}