{"id":163455,"date":"2026-04-23T06:26:27","date_gmt":"2026-04-23T09:26:27","guid":{"rendered":"http:\/\/argentinamunicipal.com.ar\/argentina\/?p=163455"},"modified":"2026-04-23T06:26:27","modified_gmt":"2026-04-23T09:26:27","slug":"economias-regionales-de-mal-en-peor-el-semaforo-rojo-de-coninagro-suma-mas-distritos","status":"publish","type":"post","link":"http:\/\/argentinamunicipal.com.ar\/argentina\/economias-regionales-de-mal-en-peor-el-semaforo-rojo-de-coninagro-suma-mas-distritos\/","title":{"rendered":"Econom\u00edas regionales de mal en peor: el sem\u00e1foro rojo de Coninagro suma m\u00e1s distritos"},"content":{"rendered":"<p>Las econom\u00edas regionales de Argentina enfrentan una coyuntura compleja que empuja a cada vez m\u00e1s sectores a situaciones de alerta o directamente de crisis<\/p>\n<p>Un nuevo relevamiento revel\u00f3 que, de 19 producciones, ahora 9 est\u00e1n en rojo principalmente por un escenario de precios estancados. La novedad fue que una nueva actividad ingres\u00f3 al lote de las econom\u00edas que enfrentan mayores dificultades sectoriales.<\/p>\n<p>Estos son algunos de los datos que surgieron del \u00faltimo \u201cSem\u00e1foro de las Econom\u00edas Regionales\u201d elaborado por el \u00e1rea de Econom\u00eda de CONINAGRO, un \u00edndice con el cual la entidad busca reflejar la actualidad de las distintas producciones locales.<\/p>\n<p><strong>M\u00e1s luces rojas<\/strong><br \/>\nEl \u201cSem\u00e1foro de Econom\u00edas Regionales\u201d de marzo, elaborado en base a datos recopilados durante el mes de febrero, registr\u00f3 4 actividades en verde, 6 en amarillo y 9 en rojo. En comparaci\u00f3n con el mes anterior, se observ\u00f3 una desmejora, ya que una nueva actividad pas\u00f3 al grupo de luces rojas.<\/p>\n<p>El indicador de la entidad cooperativas analiza tres componentes: negocio, productivo y mercado. El primero eval\u00faa la evoluci\u00f3n del precio y el costo, tanto mensual como interanual. El segundo mide el \u00e1rea o stock, seg\u00fan corresponda, y la producci\u00f3n. Y el \u00faltimo, la evoluci\u00f3n de las exportaciones y las importaciones de las producciones, as\u00ed como el consumo interno.<\/p>\n<p>En este contexto, entre las actividades en rojo permanecen yerba mate, arroz, papa, vino y mosto, hortalizas y algod\u00f3n, man\u00ed, leche y este mes se agrega mandioca.<\/p>\n<p>\u201cEn la mayor\u00eda de estos casos, el problema principal est\u00e1 en el componente de negocio: los precios que reciben los productores se mantuvieron pr\u00e1cticamente estancados o crecieron por debajo de la inflaci\u00f3n y del aumento de los costos operativos. Esto termina deteriorando la rentabilidad y dificulta la recuperaci\u00f3n de estas actividades\u201d, explicaron los t\u00e9cnicos de Coninagro<\/p>\n<p>Las actividades que permanecieron en amarillo fueron forestales, man\u00ed, leche, tabaco, c\u00edtricos dulces, peras y manzanas, aves y porcinos.<\/p>\n<p>\u201cEstos sectores presentaron se\u00f1ales mixtas: los precios no lograron acompa\u00f1ar la inflaci\u00f3n, la demanda se mantuvo estable o con poca din\u00e1mica y los costos continuaron elevados. Esta combinaci\u00f3n deriv\u00f3 en per\u00edodos de recuperaci\u00f3n prolongados y en dificultades para consolidar mejoras sostenidas\u201d, inform\u00f3 el reporte de Coninagro.<\/p>\n<p>Por su parte, las actividades en verde incluyen bovinos, ovinos, granos y miel. \u201cEn todos estos sectores se observ\u00f3 un buen componente de negocio, con precios que crecieron por encima de la inflaci\u00f3n. Este resultado se complement\u00f3 con un buen desempe\u00f1o en los mercados y con indicadores productivos que acompa\u00f1aron\u201d, ponderaron.<\/p>\n<p>El \u201cSem\u00e1foro de Econom\u00edas Regionales\u201d de Coninagro se publica de manera mensual desde hace m\u00e1s de ocho a\u00f1os, lo que permite analizar el desempe\u00f1o de las distintas actividades en una perspectiva de largo plazo, que en este \u00faltimo relevamiento mostr\u00f3 un deterioro en la situaci\u00f3n de casi la mitad de las producciones analizadas.<\/p>\n<h6>Fuente: El Ciudadano<\/h6>\n","protected":false},"excerpt":{"rendered":"<p>Las econom\u00edas regionales de Argentina enfrentan una coyuntura compleja que empuja a cada vez m\u00e1s sectores a situaciones de alerta o directamente de crisis<\/p>\n","protected":false},"author":2,"featured_media":163456,"comment_status":"closed","ping_status":"closed","sticky":false,"template":"","format":"standard","meta":{"footnotes":""},"categories":[8],"tags":[21],"class_list":["post-163455","post","type-post","status-publish","format-standard","has-post-thumbnail","hentry","category-informe-nacional","tag-argentina"],"_links":{"self":[{"href":"http:\/\/argentinamunicipal.com.ar\/argentina\/wp-json\/wp\/v2\/posts\/163455","targetHints":{"allow":["GET"]}}],"collection":[{"href":"http:\/\/argentinamunicipal.com.ar\/argentina\/wp-json\/wp\/v2\/posts"}],"about":[{"href":"http:\/\/argentinamunicipal.com.ar\/argentina\/wp-json\/wp\/v2\/types\/post"}],"author":[{"embeddable":true,"href":"http:\/\/argentinamunicipal.com.ar\/argentina\/wp-json\/wp\/v2\/users\/2"}],"replies":[{"embeddable":true,"href":"http:\/\/argentinamunicipal.com.ar\/argentina\/wp-json\/wp\/v2\/comments?post=163455"}],"version-history":[{"count":1,"href":"http:\/\/argentinamunicipal.com.ar\/argentina\/wp-json\/wp\/v2\/posts\/163455\/revisions"}],"predecessor-version":[{"id":163457,"href":"http:\/\/argentinamunicipal.com.ar\/argentina\/wp-json\/wp\/v2\/posts\/163455\/revisions\/163457"}],"wp:featuredmedia":[{"embeddable":true,"href":"http:\/\/argentinamunicipal.com.ar\/argentina\/wp-json\/wp\/v2\/media\/163456"}],"wp:attachment":[{"href":"http:\/\/argentinamunicipal.com.ar\/argentina\/wp-json\/wp\/v2\/media?parent=163455"}],"wp:term":[{"taxonomy":"category","embeddable":true,"href":"http:\/\/argentinamunicipal.com.ar\/argentina\/wp-json\/wp\/v2\/categories?post=163455"},{"taxonomy":"post_tag","embeddable":true,"href":"http:\/\/argentinamunicipal.com.ar\/argentina\/wp-json\/wp\/v2\/tags?post=163455"}],"curies":[{"name":"wp","href":"https:\/\/api.w.org\/{rel}","templated":true}]}}