{"id":163506,"date":"2026-04-27T06:28:04","date_gmt":"2026-04-27T09:28:04","guid":{"rendered":"http:\/\/argentinamunicipal.com.ar\/argentina\/?p=163506"},"modified":"2026-04-24T06:30:56","modified_gmt":"2026-04-24T09:30:56","slug":"villa-pehuenia-moquehue-celebrara-las-20-ediciones-de-la-fiesta-nacional-del-chef-patagonico","status":"publish","type":"post","link":"http:\/\/argentinamunicipal.com.ar\/argentina\/villa-pehuenia-moquehue-celebrara-las-20-ediciones-de-la-fiesta-nacional-del-chef-patagonico\/","title":{"rendered":"Villa Pehuenia Moquehue celebrar\u00e1 las 20 ediciones de la Fiesta Nacional del Chef Patag\u00f3nico"},"content":{"rendered":"<p>Del 1 al 3 de mayo de 2026, la localidad ser\u00e1 nuevamente escenario de uno de los eventos gastron\u00f3micos m\u00e1s importantes del pa\u00eds: la 20\u00aa edici\u00f3n de la Fiesta Nacional del Chef Patag\u00f3nico, un encuentro que celebra la identidad, la cultura y los sabores del sur argentino.<\/p>\n<p>La Fiesta Nacional del Chef Patag\u00f3nico reafirma su identidad como un verdadero mapa vivo de la cocina argentina, donde los sabores recorren el pa\u00eds de punta a punta. Estar\u00e1n presentes cocinas de La Pampa, R\u00edo Negro, Tierra del Fuego, Chubut, Santa Cruz y Neuqu\u00e9n, junto a la fuerza del norte con Salta y Chaco, el aporte cuyano de Mendoza, la tradici\u00f3n de C\u00f3rdoba y la integraci\u00f3n internacional con Chile, consolidando una propuesta que trasciende fronteras y construye territorio desde la gastronom\u00eda.<\/p>\n<p>Este recorrido estar\u00e1 protagonizado por referentes de la cocina como Leo Hern\u00e1ndez (La Pampa), Luis Bernal (Tierra del Fuego), Gustavo Rapretti (Chubut), Guillermo Vergara (Santa Cruz), Pablo Buzzo (Neuqu\u00e9n), Tupac Guantay (Salta), Juan Cruz Galeto (C\u00f3rdoba) y Alina Ruiz (Chaco), entre otros, quienes compartir\u00e1n escenario con nuevas generaciones de cocineros.<\/p>\n<p>En ese cruce de saberes, la Fiesta vuelve a apostar fuerte al futuro, en cada clase participar\u00e1n estudiantes de gastronom\u00eda, convirtiendo cada instancia en un verdadero semillero gastron\u00f3mico patag\u00f3nico. J\u00f3venes de la Tecnicatura de Zapala, de la Escuela de Cocineros Patag\u00f3nicos, y estudiantes de gastronom\u00eda de Bariloche, ser\u00e1n protagonistas activos de cada preparaci\u00f3n, integr\u00e1ndose a las cocinas en vivo y form\u00e1ndose junto a chefs de todo el pa\u00eds.<\/p>\n<p>Como s\u00edmbolo de esta edici\u00f3n hist\u00f3rica, se llevar\u00e1 adelante la elaboraci\u00f3n de la Torta Aniversario por las 20 ediciones en una creaci\u00f3n colectiva que representa el recorrido, la identidad y el crecimiento de la Fiesta.<br \/>\nEsta edici\u00f3n aniversario organizada por la Municipalidad de Villa Pehuenia Moquehue, reafirma el rol del evento como plataforma de valorizaci\u00f3n de los productos regionales, la cocina con identidad y el desarrollo del turismo gastron\u00f3mico como motor econ\u00f3mico y cultural.<\/p>\n<p><strong>UNA FIESTA QUE TRAE FELICIDAD<\/strong><br \/>\nLa Fiesta sortea un Toyota Yaris 0km el domingo 3 de mayo en el auditorio principal del evento. El valor del n\u00famero es de $40.000 y se puede comprar desde todo el pa\u00eds al whatsapp 2942-517777. Esta acci\u00f3n conjunta con IJAN y el BPN le da otro sabor al evento que congrega a miles de visitantes en el fin de semana largo.<\/p>\n<p><strong>ESPACIOS PARA VIVIR LA EXPERIENCIA GASTRON\u00d3MICA<\/strong><br \/>\nDesde las 12 hs del viernes 1ro de mayo y hasta las 17 hs del domingo 3, la Fiesta despliega m\u00faltiples espacios que integran gastronom\u00eda, producci\u00f3n, cultura y entretenimiento:<\/p>\n<p>Los patios gastron\u00f3micos son el coraz\u00f3n de la Fiesta y los grandes protagonistas de la experiencia. El Patio de Cocina Gourmet se consolida como el punto de encuentro central, donde cada mediod\u00eda y cada noche se viven los momentos m\u00e1s convocantes, con platos elaborados, cervezas artesanales y cocteler\u00eda regional. El Patio de Delicias de la Cordillera invita a una pausa dulce con propuestas de pasteler\u00eda, postres, helados artesanales, cafeter\u00eda y t\u00e9s. El Patio de Cocina Regional pone en valor la tradici\u00f3n con la cocina al fuego y sabores aut\u00e9nticos de la Patagonia. Y la Terraza del Sello de Distinci\u00f3n de la Gastronom\u00eda Neuquina re\u00fane a referentes provinciales y nacionales, destacando la identidad y la proyecci\u00f3n de la cocina neuquina.<\/p>\n<p>El Paseo de Artesan\u00edas y Producci\u00f3n, es un espacio que pone en valor el trabajo local a trav\u00e9s de piezas \u00fanicas que fusionan arte, identidad y cultura gastron\u00f3mica. Y junto al Mercado de Productores, se suma un punto de encuentro m\u00e1s con los sabores del territorio, donde se destacan productos regionales de alta calidad y el v\u00ednculo directo con quienes los elaboran.<\/p>\n<p>Shows musicales y art\u00edsticos tienen sus espacios en todo el evento. Con artistas regionales y cancioneros populares, la m\u00fasica acompa\u00f1a cada momento junto a la gastronom\u00eda.<\/p>\n<p>Las Clases Magistrales de Cocina, nadie se las quiere perder! Se dictan en el auditorio principal del evento, con una capacidad para 400 personas, donde se desarrollan demostraciones en vivo de la mano de reconocidos cocineros y cocineras patag\u00f3nicos, de todo el pa\u00eds y de cada una de las regiones de Neuqu\u00e9n. La grilla de clases marca el ritmo de la Fiesta, que en sus 20 ediciones promete ser inolvidable.<\/p>\n<p>El p\u00fablico podr\u00e1 disfrutar de lo mejor de la gastronom\u00eda en c\u00f3modos espacios y con el m\u00e1s lindo paisaje oto\u00f1al. Para que no te pierdas nada, en la fiesta podes usar todos los medios de pago.<\/p>\n<p><strong>20 EDICIONES QUE CONSOLIDAN UN DESTINO<\/strong><br \/>\nA lo largo de sus 20 ediciones, la Fiesta Nacional del Chef Patag\u00f3nico se ha consolidado como un s\u00edmbolo de integraci\u00f3n regional, promoci\u00f3n del territorio y fortalecimiento de la identidad cultural, posicionando a Villa Pehuenia Moquehue como un destino gastron\u00f3mico de referencia.<\/p>\n<p>Reconocida por Ley Provincial N\u00b0 3.093 como Capital de la Gastronom\u00eda Neuquina, Villa Pehuenia Moquehue se consolida como epicentro de la cocina patag\u00f3nica, proyectando su identidad a nivel nacional e internacional.<\/p>\n<p>Informaci\u00f3n del evento: A\u00f1o de creaci\u00f3n: 2005. Capital de la Gastronom\u00eda Neuquina: Villa Pehuenia Moquehue es declarada como \u201cCapital de la Gastronom\u00eda Neuquina\u201d en el a\u00f1o 2018 a trav\u00e9s de la Ley Provincial N\u00ba 3093 de la Honorable Legislatura de la Provincia de Neuqu\u00e9n, en reconocimiento a la trayectoria gastron\u00f3mica y por su Festival del Chef Patag\u00f3nico. Jerarqu\u00eda Nacional: En el a\u00f1o 2022, luego de la edici\u00f3n N\u00ba 16, el Ministerio de Turismo y Deportes de la Naci\u00f3n le otorga al evento el rango de Fiesta Nacional. 1ra Edici\u00f3n como Fiesta Nacional del Chef Patag\u00f3nico: a\u00f1o 2023. A\u00f1o 2026: 20\u00ba Edici\u00f3n del Festival del Chef Patag\u00f3nico y 4ta edici\u00f3n de la Fiesta Nacional del Chef Patag\u00f3nico.<br \/>\nOrganiza: Municipalidad de Villa Pehuenia Moquehue.<\/p>\n<h6>Fuente: zapalanoticias<\/h6>\n","protected":false},"excerpt":{"rendered":"<p>Del 1 al 3 de mayo de 2026, la localidad ser\u00e1 nuevamente escenario de uno de los eventos gastron\u00f3micos m\u00e1s importantes del pa\u00eds: la 20\u00aa edici\u00f3n de la Fiesta Nacional del Chef Patag\u00f3nico, un encuentro que celebra la identidad, la cultura y los sabores del sur argentino.<\/p>\n","protected":false},"author":2,"featured_media":163507,"comment_status":"closed","ping_status":"closed","sticky":false,"template":"","format":"standard","meta":{"footnotes":""},"categories":[47],"tags":[23],"class_list":["post-163506","post","type-post","status-publish","format-standard","has-post-thumbnail","hentry","category-fiestas","tag-neuquen"],"_links":{"self":[{"href":"http:\/\/argentinamunicipal.com.ar\/argentina\/wp-json\/wp\/v2\/posts\/163506","targetHints":{"allow":["GET"]}}],"collection":[{"href":"http:\/\/argentinamunicipal.com.ar\/argentina\/wp-json\/wp\/v2\/posts"}],"about":[{"href":"http:\/\/argentinamunicipal.com.ar\/argentina\/wp-json\/wp\/v2\/types\/post"}],"author":[{"embeddable":true,"href":"http:\/\/argentinamunicipal.com.ar\/argentina\/wp-json\/wp\/v2\/users\/2"}],"replies":[{"embeddable":true,"href":"http:\/\/argentinamunicipal.com.ar\/argentina\/wp-json\/wp\/v2\/comments?post=163506"}],"version-history":[{"count":1,"href":"http:\/\/argentinamunicipal.com.ar\/argentina\/wp-json\/wp\/v2\/posts\/163506\/revisions"}],"predecessor-version":[{"id":163508,"href":"http:\/\/argentinamunicipal.com.ar\/argentina\/wp-json\/wp\/v2\/posts\/163506\/revisions\/163508"}],"wp:featuredmedia":[{"embeddable":true,"href":"http:\/\/argentinamunicipal.com.ar\/argentina\/wp-json\/wp\/v2\/media\/163507"}],"wp:attachment":[{"href":"http:\/\/argentinamunicipal.com.ar\/argentina\/wp-json\/wp\/v2\/media?parent=163506"}],"wp:term":[{"taxonomy":"category","embeddable":true,"href":"http:\/\/argentinamunicipal.com.ar\/argentina\/wp-json\/wp\/v2\/categories?post=163506"},{"taxonomy":"post_tag","embeddable":true,"href":"http:\/\/argentinamunicipal.com.ar\/argentina\/wp-json\/wp\/v2\/tags?post=163506"}],"curies":[{"name":"wp","href":"https:\/\/api.w.org\/{rel}","templated":true}]}}