{"id":16400,"date":"2014-10-14T09:41:25","date_gmt":"2014-10-14T12:41:25","guid":{"rendered":"http:\/\/argentinamunicipal.com.ar\/argentina\/?p=16400"},"modified":"2014-10-14T09:41:25","modified_gmt":"2014-10-14T12:41:25","slug":"mejoran-la-infraestructura-comunicacional-en-jujuy","status":"publish","type":"post","link":"http:\/\/argentinamunicipal.com.ar\/argentina\/mejoran-la-infraestructura-comunicacional-en-jujuy\/","title":{"rendered":"Mejoran la infraestructura comunicacional en Jujuy"},"content":{"rendered":"<div id=\"attachment_16401\" style=\"width: 753px\" class=\"wp-caption aligncenter\"><a href=\"http:\/\/argentinamunicipal.com.ar\/argentina\/wp-content\/uploads\/2014\/10\/0000202862.jpg\"><img loading=\"lazy\" decoding=\"async\" aria-describedby=\"caption-attachment-16401\" class=\" wp-image-16401\" src=\"http:\/\/argentinamunicipal.com.ar\/argentina\/wp-content\/uploads\/2014\/10\/0000202862.jpg\" alt=\"RED FEDERAL DE FIBRA OPTICA RECORRE M\u00c1S DE 50.000 KIL\u00d3METROS, APUNTA A CUBRIR EL 93% DEL TERRITORIO ARGENTINO \" width=\"743\" height=\"418\" srcset=\"http:\/\/argentinamunicipal.com.ar\/argentina\/wp-content\/uploads\/2014\/10\/0000202862.jpg 1099w, http:\/\/argentinamunicipal.com.ar\/argentina\/wp-content\/uploads\/2014\/10\/0000202862-300x168.jpg 300w, http:\/\/argentinamunicipal.com.ar\/argentina\/wp-content\/uploads\/2014\/10\/0000202862-1024x575.jpg 1024w\" sizes=\"auto, (max-width: 743px) 100vw, 743px\" \/><\/a><p id=\"caption-attachment-16401\" class=\"wp-caption-text\">RED FEDERAL DE FIBRA OPTICA RECORRE M\u00c1S DE 50.000 KIL\u00d3METROS, APUNTA A CUBRIR EL 93% DEL TERRITORIO ARGENTINO<\/p><\/div>\n<p>A trav\u00e9s del programa \u00abArgentina Conectada\u00bb, y otras acciones vinculadas al desarrollo y promoci\u00f3n de las Tics.<\/p>\n<p>Apuntando al desarrollo de infraestructura de las comunicaciones de la provincia, la Secretar\u00eda de Comunicaci\u00f3n, dependiente del Gobierno de Jujuy, lleva adelante un sinn\u00famero de acciones, en la que est\u00e1n involucrados los distintos ministerios, y sectores de la comunidad.<\/p>\n<p>Muchas de estas acciones apuntan al desarrollo de log\u00edstica, a la mejora de herramientas tecnol\u00f3gicas en el \u00e1mbito de la administraci\u00f3n p\u00fablica, como as\u00ed tambi\u00e9n la promoci\u00f3n del desarrollo tecnol\u00f3gico comunicacional a nivel privado, con el asesoramiento y acompa\u00f1amiento en su participaci\u00f3n de diversos programas de alcance nacional.<\/p>\n<p>Leonardo Villanueva es quien tiene a su cargo la conducci\u00f3n de la mencionada secretaria que depende de la Secretar\u00eda General de la Gobernaci\u00f3n, y dentro de su equipo cuenta con el coordinador de Tics Carlos Catacata; ambos encargados de llevar adelante las acciones en las que trabaja dicha Secretar\u00eda de Comunicaci\u00f3n.<\/p>\n<p>Son cuatro los ejes de trabajo que se han planteado desde la instituci\u00f3n creada en 2012 por el actual Gobierno provincial para el desarrollo de lainfraestructura de comunicaciones. En ese sentido, en una entrevista con El Tribuno de Jujuy, el secretario Leonardo Villanueva se\u00f1al\u00f3 que las \u00e1reas operativas se enmarcan en la infraestructura de conectividad; medios de comunicaci\u00f3n; como rector y propulsor de pol\u00edticas de conectividad y Tics para la Administraci\u00f3n P\u00fablica, y por \u00faltimo un \u00e1rea vinculada a la promoci\u00f3n y acompa\u00f1amiento para acercar a emprendedores, desarrolladores y pymes, entre otros, a los diversos programas nacionales vinculados a las acciones de conectividad y Tics.<\/p>\n<p>En lo que refiere a la dotaci\u00f3n de infraestructura para nuestra provincia para mejorar la conectividad y el acceso a la red de redes, Villanueva detall\u00f3 las acciones que se est\u00e1n llevando adelante en el marco del plan \u201cArgentina Conectada\u201d, con el cual se apunta a dar cobertura a todo el territorio nacional a trav\u00e9s de la \u201cRed Federal de Fibra \u00d3ptica\u201d, que impulsa el Ministerio de Planificaci\u00f3n de la Naci\u00f3n.<\/p>\n<p>\u201cEl Gobierno Nacional le encarg\u00f3 el dise\u00f1o a la empresa Arsat de una red de fibra \u00f3ptica con la premisa de cubrir el 93% del territorio argentino\u201d, se\u00f1al\u00f3 el funcionario. Al tiempo que detall\u00f3 que los trabajos que se pudieron observar en los \u00faltimos meses a la vera de las rutas nacionales 9, 40 y 66 en nuestra provincia, son los que lleva adelante la mencionada empresa estatal, desde donde se inici\u00f3 la ingenier\u00eda y el despliegue de la fibra \u00f3ptica, \u201cque se transformar\u00e1 cuando est\u00e9 operativa, en un mayorista o \u00abcarrier\u2019 mayorista, que hasta hoy en nuestra provincia solo est\u00e1n Telecom y Telef\u00f3nica\u201d.<\/p>\n<p>En ese sentido se\u00f1al\u00f3 que con Red Federal de Fibra \u00d3ptica, lo que se intenta es revertir la l\u00f3gica de \u201cllegar hasta donde llegan\u201d. Y ampli\u00f3 \u201cse trata de un \u00abcarrier\u2019 que tiene otras caracter\u00edsticas, y que nos va a permitir tener la calidad de conectividad que hay que C\u00f3rdoba, Santa Fe, Rosario o Buenos Aires, en San Salvador de Jujuy, en La Quiaca, Yavi, o en San Pedro. Esto cambiar\u00e1 el servicio, y sobre todo nos permitir\u00e1 tener costos uniformes\u201d, indic\u00f3 el secretario, y agreg\u00f3 hoy los costos de ancho de banda son cada vez m\u00e1s superiores a medida que uno se aleja de Buenos Aires, \u201cque no tienen ninguna raz\u00f3n t\u00e9cnica, sino de mercado\u201d.<\/p>\n<h6>Fuente: El Tribuno, Jujuy<\/h6>\n","protected":false},"excerpt":{"rendered":"<p>A trav\u00e9s del programa \u00abArgentina Conectada\u00bb, y otras acciones vinculadas al desarrollo y promoci\u00f3n de las Tics. Apuntando al desarrollo de infraestructura de las comunicaciones de la provincia, la Secretar\u00eda de Comunicaci\u00f3n, dependiente del Gobierno de Jujuy, lleva adelante un sinn\u00famero de acciones, en la que est\u00e1n involucrados los distintos ministerios, y sectores de la<\/p>\n","protected":false},"author":2,"featured_media":16401,"comment_status":"closed","ping_status":"closed","sticky":false,"template":"","format":"standard","meta":{"footnotes":""},"categories":[2],"tags":[25],"class_list":["post-16400","post","type-post","status-publish","format-standard","has-post-thumbnail","hentry","category-informe-municipal","tag-jujuy"],"_links":{"self":[{"href":"http:\/\/argentinamunicipal.com.ar\/argentina\/wp-json\/wp\/v2\/posts\/16400","targetHints":{"allow":["GET"]}}],"collection":[{"href":"http:\/\/argentinamunicipal.com.ar\/argentina\/wp-json\/wp\/v2\/posts"}],"about":[{"href":"http:\/\/argentinamunicipal.com.ar\/argentina\/wp-json\/wp\/v2\/types\/post"}],"author":[{"embeddable":true,"href":"http:\/\/argentinamunicipal.com.ar\/argentina\/wp-json\/wp\/v2\/users\/2"}],"replies":[{"embeddable":true,"href":"http:\/\/argentinamunicipal.com.ar\/argentina\/wp-json\/wp\/v2\/comments?post=16400"}],"version-history":[{"count":0,"href":"http:\/\/argentinamunicipal.com.ar\/argentina\/wp-json\/wp\/v2\/posts\/16400\/revisions"}],"wp:featuredmedia":[{"embeddable":true,"href":"http:\/\/argentinamunicipal.com.ar\/argentina\/wp-json\/wp\/v2\/media\/16401"}],"wp:attachment":[{"href":"http:\/\/argentinamunicipal.com.ar\/argentina\/wp-json\/wp\/v2\/media?parent=16400"}],"wp:term":[{"taxonomy":"category","embeddable":true,"href":"http:\/\/argentinamunicipal.com.ar\/argentina\/wp-json\/wp\/v2\/categories?post=16400"},{"taxonomy":"post_tag","embeddable":true,"href":"http:\/\/argentinamunicipal.com.ar\/argentina\/wp-json\/wp\/v2\/tags?post=16400"}],"curies":[{"name":"wp","href":"https:\/\/api.w.org\/{rel}","templated":true}]}}