{"id":16444,"date":"2014-10-15T09:32:27","date_gmt":"2014-10-15T12:32:27","guid":{"rendered":"http:\/\/argentinamunicipal.com.ar\/argentina\/?p=16444"},"modified":"2014-10-15T09:32:27","modified_gmt":"2014-10-15T12:32:27","slug":"avanzan-las-gestiones-para-crear-un-centro-comercial-cielo-abierto-en-parana","status":"publish","type":"post","link":"http:\/\/argentinamunicipal.com.ar\/argentina\/avanzan-las-gestiones-para-crear-un-centro-comercial-cielo-abierto-en-parana\/","title":{"rendered":"Avanzan las gestiones para crear un centro comercial a cielo abierto en Paran\u00e1"},"content":{"rendered":"<p><a href=\"http:\/\/argentinamunicipal.com.ar\/argentina\/wp-content\/uploads\/2014\/10\/BANCOS-EN-PEATONAL-TRES.jpg\"><img loading=\"lazy\" decoding=\"async\" class=\"aligncenter size-full wp-image-16445\" src=\"http:\/\/argentinamunicipal.com.ar\/argentina\/wp-content\/uploads\/2014\/10\/BANCOS-EN-PEATONAL-TRES.jpg\" alt=\"BANCOS-EN-PEATONAL-TRES\" width=\"645\" height=\"482\" srcset=\"http:\/\/argentinamunicipal.com.ar\/argentina\/wp-content\/uploads\/2014\/10\/BANCOS-EN-PEATONAL-TRES.jpg 645w, http:\/\/argentinamunicipal.com.ar\/argentina\/wp-content\/uploads\/2014\/10\/BANCOS-EN-PEATONAL-TRES-300x224.jpg 300w\" sizes=\"auto, (max-width: 645px) 100vw, 645px\" \/><\/a><\/p>\n<p>La intendenta de Paran\u00e1, Blanca Osuna, particip\u00f3 del acto inaugural del 4\u00ba Foro Regional de Ciudad, Comercio y Turismo y adem\u00e1s firm\u00f3 un convenio con el Centro Comercial e Industrial de Paran\u00e1 y la Confederaci\u00f3n Argentina de la Mediana Empresa (CAME) para la creaci\u00f3n de un Centro Comercial a Cielo Abierto en la capital provincial<\/p>\n<p>El 4\u00ba Foro Regional de Ciudad, Comercio y Turismo se realiz\u00f3 en Paran\u00e1 este viernes. Organizado por la Federaci\u00f3n Econ\u00f3mica de Entre R\u00edos y la CAME, el encuentro tuvo como objetivo abordar asuntos y tem\u00e1ticas vinculadas al comercio, el turismo y \u00e1reas metropolitanas: el turismo como dinamizador e integrador de las centros comerciales y las econom\u00edas regionales, transformaci\u00f3n de lugares en destinos tur\u00edsticos, centros comerciales a cielo abierto, y financiamiento de PYMES, fueron algunos de los paneles abordados por t\u00e9cnicos y especialistas.<\/p>\n<p>El encuentro sirvi\u00f3 a su vez para la r\u00fabrica de un convenio entre el gobierno local, el Centro Comercial y la CAME, en el que las partes se comprometen a desarrollar acciones para la creaci\u00f3n de un Centro Comercial a Cielo Abierto en la ciudad.<\/p>\n<p>Las actividades a desarrollar estar\u00e1n coordinadas por el Centro Comercial y la CAME, entre ellas se realizar\u00e1n conferencias de sensibilizaci\u00f3n para empresarios del comercio minorista y de servicios, funcionarios del gobierno local, talleres de trabajo para acordar lineamientos y aspectos que se incorporar\u00e1n en un plan estrat\u00e9gico de acciones para el desarrollo y gesti\u00f3n del centro comercial a cielo abierto; asesoramiento, dise\u00f1o de encuestas, diagn\u00f3stico urbano, identificaci\u00f3n de mejoras urbanas, entre muchas otras.<\/p>\n<p>En este contexto, y en el marco de la firma del convenio, la intendenta Blanca Osuna manifest\u00f3: \u201cEstamos convencidos que el entendimiento entre el sector p\u00fablico y privado nos lleva a buen puerto en el sentido de definiciones claras y concretas, por eso este convenio que firmamos en donde ratificamos la voluntad del trabajo en conjunto y la voluntad de que la asociaci\u00f3n entre nosotros fortalece el desarrollo de la comunidad\u201d.<\/p>\n<p>Por otro lado, apunt\u00f3: \u201cClaramente el comercio es uno de los motores de mayor potencial en la generaci\u00f3n de trabajo digno y registrado, en virtud de eso y en particular porque el turismo es uno de los desarrollos con mayor potencialidad en el marco de las pol\u00edticas p\u00fablicas que el Gobierno nacional viene desarrollando para potenciar la econom\u00eda, las inversiones p\u00fablicas y privadas de maneras conjunta, es que nos compromete a trabajar para poder impulsar lo que identificamos como un n\u00facleo con much\u00edsima potencialidad que opera para impulsar el desarrollo del comercio y la generaci\u00f3n del trabajo\u201d.<\/p>\n<p>Asimismo, Osuna detall\u00f3 que \u201cesto tiene que ver con el ordenamiento urbano de la ciudad, no puede plantearse el desarrollo de los centros comerciales a cielo abierto si no va de la mano el reordenamiento del tr\u00e1nsito, de las v\u00edas de comunicaci\u00f3n de la ciudad, de las prioridades entre el flujo peatonal y el flujo del tr\u00e1nsito p\u00fablico y privado, y al mismo tiempo un ordenamiento claro con relaci\u00f3n al comercio ilegal, por darle un nombre\u201d.<\/p>\n<p>Por otro lado, el presidente del Centro Comercial e Industrial de Paran\u00e1, Jorge L\u00f3pez, sostuvo: \u201cJunto a la CAME y el Municipio desarrollaremos el Centro Comercial a Cielo Abierto, que es poner en valor el comercio para brindar la misma performance que brindan las superficies cerradas a los fines de atrapar a los ciudadanos y los que nos visitan para mejorar las posibilidades de todos los que habitan Paran\u00e1\u201d.<\/p>\n<p>Por \u00faltimo, Fabi\u00e1n Tarr\u00edo, integrante de CAME, declar\u00f3: \u201cLo que firmamos apunta a hacer de los centros urbanos, aquellos hist\u00f3ricos y tradicionales, aquellos que los distingue de un centro cerrado, hacer un atractivo extra para que el turista se quede una noche m\u00e1s, porque el turista disfruta de la ciudad\u201d.<\/p>\n<h6>Fuente: APF Digital<\/h6>\n","protected":false},"excerpt":{"rendered":"<p>La intendenta de Paran\u00e1, Blanca Osuna, particip\u00f3 del acto inaugural del 4\u00ba Foro Regional de Ciudad, Comercio y Turismo y adem\u00e1s firm\u00f3 un convenio con el Centro Comercial e Industrial de Paran\u00e1 y la Confederaci\u00f3n Argentina de la Mediana Empresa (CAME) para la creaci\u00f3n de un Centro Comercial a Cielo Abierto en la capital provincial<\/p>\n","protected":false},"author":2,"featured_media":16445,"comment_status":"closed","ping_status":"closed","sticky":false,"template":"","format":"standard","meta":{"footnotes":""},"categories":[2],"tags":[17],"class_list":["post-16444","post","type-post","status-publish","format-standard","has-post-thumbnail","hentry","category-informe-municipal","tag-entre-rios"],"_links":{"self":[{"href":"http:\/\/argentinamunicipal.com.ar\/argentina\/wp-json\/wp\/v2\/posts\/16444","targetHints":{"allow":["GET"]}}],"collection":[{"href":"http:\/\/argentinamunicipal.com.ar\/argentina\/wp-json\/wp\/v2\/posts"}],"about":[{"href":"http:\/\/argentinamunicipal.com.ar\/argentina\/wp-json\/wp\/v2\/types\/post"}],"author":[{"embeddable":true,"href":"http:\/\/argentinamunicipal.com.ar\/argentina\/wp-json\/wp\/v2\/users\/2"}],"replies":[{"embeddable":true,"href":"http:\/\/argentinamunicipal.com.ar\/argentina\/wp-json\/wp\/v2\/comments?post=16444"}],"version-history":[{"count":0,"href":"http:\/\/argentinamunicipal.com.ar\/argentina\/wp-json\/wp\/v2\/posts\/16444\/revisions"}],"wp:featuredmedia":[{"embeddable":true,"href":"http:\/\/argentinamunicipal.com.ar\/argentina\/wp-json\/wp\/v2\/media\/16445"}],"wp:attachment":[{"href":"http:\/\/argentinamunicipal.com.ar\/argentina\/wp-json\/wp\/v2\/media?parent=16444"}],"wp:term":[{"taxonomy":"category","embeddable":true,"href":"http:\/\/argentinamunicipal.com.ar\/argentina\/wp-json\/wp\/v2\/categories?post=16444"},{"taxonomy":"post_tag","embeddable":true,"href":"http:\/\/argentinamunicipal.com.ar\/argentina\/wp-json\/wp\/v2\/tags?post=16444"}],"curies":[{"name":"wp","href":"https:\/\/api.w.org\/{rel}","templated":true}]}}