{"id":16447,"date":"2014-10-15T09:36:18","date_gmt":"2014-10-15T12:36:18","guid":{"rendered":"http:\/\/argentinamunicipal.com.ar\/argentina\/?p=16447"},"modified":"2014-10-15T09:36:18","modified_gmt":"2014-10-15T12:36:18","slug":"cerrito-presentara-un-proyecto-en-la-xii-feria-y-congreso-internacional-de-gobiernos-locales","status":"publish","type":"post","link":"http:\/\/argentinamunicipal.com.ar\/argentina\/cerrito-presentara-un-proyecto-en-la-xii-feria-y-congreso-internacional-de-gobiernos-locales\/","title":{"rendered":"Cerrito presentar\u00e1 un proyecto en la XII Feria y Congreso Internacional de Gobiernos Locales"},"content":{"rendered":"<p><a href=\"http:\/\/argentinamunicipal.com.ar\/argentina\/wp-content\/uploads\/2014\/10\/e_1413324755.jpg\"><img loading=\"lazy\" decoding=\"async\" class=\"alignleft size-full wp-image-16448\" src=\"http:\/\/argentinamunicipal.com.ar\/argentina\/wp-content\/uploads\/2014\/10\/e_1413324755.jpg\" alt=\"e_1413324755\" width=\"432\" height=\"324\" srcset=\"http:\/\/argentinamunicipal.com.ar\/argentina\/wp-content\/uploads\/2014\/10\/e_1413324755.jpg 432w, http:\/\/argentinamunicipal.com.ar\/argentina\/wp-content\/uploads\/2014\/10\/e_1413324755-300x225.jpg 300w\" sizes=\"auto, (max-width: 432px) 100vw, 432px\" \/><\/a>Invitaron al municipio, representado por el intendente Orlando Lovera, a disertar sobre la pol\u00edtica sobre viviendas de c\u00edrculo. Integrar\u00e1 un panel especial y expondr\u00e1 a otros gobiernos la experiencia desarrollada en los \u00faltimos 14 a\u00f1os.<\/p>\n<p>Del 28 al 30 de octubre en el Centro Costa Salguero de la Ciudad de Buenos Aires se llevar\u00e1 a cabo la XII Feria y Congreso Internacional para Gobiernos Locales \u201cGobierno y Servicios P\u00fablicos\u201d. Desde la organizaci\u00f3n se invit\u00f3 al Municipio de Cerrito representado por el intendente Orlando Lovera a disertar sobre la pol\u00edtica sobre viviendas de c\u00edrculo, integrando un panel especial y exponer a otros gobiernos la experiencia desarrollada en los \u00faltimos 14 a\u00f1os.<\/p>\n<p>Este Congreso y Feria Internacional, que se desarrolla bianualmente desde 1995, es uno de los mayores encuentros del municipalismo de Am\u00e9rica, con los temas m\u00e1s significativos de la agenda de los Gobiernos Locales y la exposici\u00f3n m\u00e1s espec\u00edfica de equipos, insumos y tecnolog\u00edas para Servicios P\u00fablicos. Todo en un solo lugar durante 3 jornadas.<\/p>\n<p>Durante el Congreso, se desarrollar\u00e1n, seminarios t\u00e9cnicos espec\u00edficos para la gesti\u00f3n de servicios p\u00fablicos municipales, se presentar\u00e1n experiencias y buenas pr\u00e1cticas, foros de debate de la agenda pol\u00edtica local de Iberoam\u00e9rica, capacitaci\u00f3n en gesti\u00f3n de gobierno, ronda de negocios, agenda de visitantes destacados.<\/p>\n<h6>Fuente: El Once<\/h6>\n","protected":false},"excerpt":{"rendered":"<p>Invitaron al municipio, representado por el intendente Orlando Lovera, a disertar sobre la pol\u00edtica sobre viviendas de c\u00edrculo. Integrar\u00e1 un panel especial y expondr\u00e1 a otros gobiernos la experiencia desarrollada en los \u00faltimos 14 a\u00f1os. Del 28 al 30 de octubre en el Centro Costa Salguero de la Ciudad de Buenos Aires se llevar\u00e1 a<\/p>\n","protected":false},"author":2,"featured_media":16448,"comment_status":"closed","ping_status":"closed","sticky":false,"template":"","format":"standard","meta":{"footnotes":""},"categories":[2],"tags":[17],"class_list":["post-16447","post","type-post","status-publish","format-standard","has-post-thumbnail","hentry","category-informe-municipal","tag-entre-rios"],"_links":{"self":[{"href":"http:\/\/argentinamunicipal.com.ar\/argentina\/wp-json\/wp\/v2\/posts\/16447","targetHints":{"allow":["GET"]}}],"collection":[{"href":"http:\/\/argentinamunicipal.com.ar\/argentina\/wp-json\/wp\/v2\/posts"}],"about":[{"href":"http:\/\/argentinamunicipal.com.ar\/argentina\/wp-json\/wp\/v2\/types\/post"}],"author":[{"embeddable":true,"href":"http:\/\/argentinamunicipal.com.ar\/argentina\/wp-json\/wp\/v2\/users\/2"}],"replies":[{"embeddable":true,"href":"http:\/\/argentinamunicipal.com.ar\/argentina\/wp-json\/wp\/v2\/comments?post=16447"}],"version-history":[{"count":0,"href":"http:\/\/argentinamunicipal.com.ar\/argentina\/wp-json\/wp\/v2\/posts\/16447\/revisions"}],"wp:featuredmedia":[{"embeddable":true,"href":"http:\/\/argentinamunicipal.com.ar\/argentina\/wp-json\/wp\/v2\/media\/16448"}],"wp:attachment":[{"href":"http:\/\/argentinamunicipal.com.ar\/argentina\/wp-json\/wp\/v2\/media?parent=16447"}],"wp:term":[{"taxonomy":"category","embeddable":true,"href":"http:\/\/argentinamunicipal.com.ar\/argentina\/wp-json\/wp\/v2\/categories?post=16447"},{"taxonomy":"post_tag","embeddable":true,"href":"http:\/\/argentinamunicipal.com.ar\/argentina\/wp-json\/wp\/v2\/tags?post=16447"}],"curies":[{"name":"wp","href":"https:\/\/api.w.org\/{rel}","templated":true}]}}