{"id":16462,"date":"2014-10-15T09:52:03","date_gmt":"2014-10-15T12:52:03","guid":{"rendered":"http:\/\/argentinamunicipal.com.ar\/argentina\/?p=16462"},"modified":"2014-10-15T09:52:03","modified_gmt":"2014-10-15T12:52:03","slug":"dilma-rousseff-apoyara-lula-si-disputa-las-presidenciales-en-2018","status":"publish","type":"post","link":"http:\/\/argentinamunicipal.com.ar\/argentina\/dilma-rousseff-apoyara-lula-si-disputa-las-presidenciales-en-2018\/","title":{"rendered":"Dilma Rousseff apoyar\u00e1 a Lula si disputa las presidenciales en 2018"},"content":{"rendered":"<div id=\"attachment_16463\" style=\"width: 780px\" class=\"wp-caption aligncenter\"><a href=\"http:\/\/argentinamunicipal.com.ar\/argentina\/wp-content\/uploads\/2014\/10\/0010966666.jpg\"><img loading=\"lazy\" decoding=\"async\" aria-describedby=\"caption-attachment-16463\" class=\"size-full wp-image-16463\" src=\"http:\/\/argentinamunicipal.com.ar\/argentina\/wp-content\/uploads\/2014\/10\/0010966666.jpg\" alt=\"Espaldarazo. Durante la campa\u00f1a, Dilma ha recurrido en varias oportunidades a Lula para recuperar apoyo electoral.\" width=\"770\" height=\"433\" srcset=\"http:\/\/argentinamunicipal.com.ar\/argentina\/wp-content\/uploads\/2014\/10\/0010966666.jpg 770w, http:\/\/argentinamunicipal.com.ar\/argentina\/wp-content\/uploads\/2014\/10\/0010966666-300x168.jpg 300w\" sizes=\"auto, (max-width: 770px) 100vw, 770px\" \/><\/a><p id=\"caption-attachment-16463\" class=\"wp-caption-text\">Espaldarazo. Durante la campa\u00f1a, Dilma ha recurrido en varias oportunidades a Lula para recuperar apoyo electoral.<\/p><\/div>\n<p>Ballottage en Brasil. El carism\u00e1tico l\u00edder del Partido de los Trabajadores sostuvo que una victoria del opositor A\u00e9cio Neves ser\u00eda un retroceso para el pa\u00eds.<\/p>\n<p>La presidenta de Brasil, Dilma Rousseff, que el 26 de octubre pr\u00f3ximo disputar\u00e1 la segunda vuelta de las elecciones, afirm\u00f3 ayer que apoyar\u00e1 a su antecesor y padrino pol\u00edtico, Lula da Silva, en caso de que el l\u00edder del Partido de los Trabajadores se presente a los comicios de 2018. \u00abEl presidente Lula no me ha dicho nada de eso, pero, en lo que depende de m\u00ed, lo ayudo\u00bb, asegur\u00f3 en una rueda de prensa la jefa de Estado, que fue elegida en 2010 con un fuerte respaldo de su antecesor y aspira a ser reelecta este mes para un nuevo mandato de cuatro a\u00f1os.<\/p>\n<p>La gobernante dijo desconocer si Lula da Silva \u2014quien ya gobern\u00f3 entre 2003 y 2010\u2014 est\u00e1 pensando en disputar las pr\u00f3ximas elecciones presidenciales, pero reconocer que esa posibilidad fue admitida recientemente por el presidente de la formaci\u00f3n, Riu Falcao. El dirigente partidario, que es el coordinador de la campa\u00f1a presidencial de Rousseff, dijo en una reuni\u00f3n este mes que los militantes del PT se pondr\u00edan \u00abmuy felices\u00bb en caso de que Lula acepte ser postulado a la presidencia en 2018. El ex jefe de Estado, que participa en la campa\u00f1a de Rousseff este a\u00f1o insinu\u00f3 el mes pasado que su nombre no puede ser descartado para las pr\u00f3ximas presidenciales. \u00abEllos (la oposici\u00f3n) tienen que prepararse pol\u00edticamente porque estar\u00e9 vivo (en 2018)\u00bb, dijo Lula en un mitin de Rousseff.<\/p>\n<p>Cr\u00edticas a Marina Silva. La presidenta tambi\u00e9n critic\u00f3 a la ecologista Marina Silva, tercera candidata m\u00e1s votada en la primera vuelta de las presidenciales el 5 de octubre, por comparar a Lula con el senador socialdem\u00f3crata A\u00e9cio Neves, su rival en el ballottage. Silva, que el fin de semana manifest\u00f3 su apoyo formal a Neves para la segunda vuelta, compar\u00f3 un documento en que el l\u00edder opositor se comprometi\u00f3 a mantener las conquistas sociales de Brasil con uno divulgado antes de las elecciones de 2002 y en las que Lula se comprometi\u00f3 a mantener la pol\u00edtica econ\u00f3mica de su antecesor, Fernando Henrique Cardoso. \u00abConsidero esa comparaci\u00f3n infeliz. Es desproporcional comparar un l\u00edder pol\u00edtico del tama\u00f1o de Lula con mi adversario, bien sea por la trayectoria pol\u00edtica y sus convicciones, o por lo que Lula hizo como presidente de este pa\u00eds y lo que el candidato hizo como gobernador de (el estado de) Minas Gerais\u00bb, afirm\u00f3 la mandataria brasile\u00f1a.<\/p>\n<p>El documento de Lula, conocido como la \u00abCarta al pueblo brasile\u00f1o\u00bb, fue divulgado para calmar el mercado financiero, que viv\u00eda entonces una gran turbulencia ante la posibilidad de que el l\u00edder izquierdista amenazara la estabilidad econ\u00f3mica.<\/p>\n<p>Neves, por su parte, se comprometi\u00f3 a mantener las conquistas sociales en un documento destinado a garantizar el apoyo formal de la l\u00edder ecologista, que en la primera vuelta obtuvo 22,1 millones de votos, correspondientes al 21,3 por ciento de los sufragios v\u00e1lidos. Rousseff venci\u00f3 la primera vuelta con el 41,59 por ciento de los votos, mientras que Neves obtuvo el 33,55 por ciento.<\/p>\n<p>Por otro lado, Rousseff coment\u00f3 sobre la intenci\u00f3n de acabar con la reelecci\u00f3n que propusieron sus adversario Neves y Marina Silva. Seg\u00fan la jefa de Estado, nadie consigue hacer un gobierno efectivo en cuatro a\u00f1os y es preciso averiguar la motivaci\u00f3n que est\u00e1 detr\u00e1s de estas afirmaciones.<\/p>\n<p>En 2013, un grupo de personas del PT lanz\u00f3 la campa\u00f1a \u00abVuelve Lula\u00bb, reclamando la candidatura del ex mandatario para estas elecciones. Sin embargo, el ex tornero mec\u00e1nico, desde un primer momento descart\u00f3 presentarse y apoy\u00f3 p\u00fablicamente la reelecci\u00f3n de Dilma.<\/p>\n<p>Esta semana, haciendo campa\u00f1a por \u00e9sta, Lula sostuvo que una victoria del opositor A\u00e9cio Neves sobre la actual jefa de Estado representar\u00eda un retroceso para el pa\u00eds. \u00abLa victoria de A\u00e9cio ser\u00eda el regreso a algo que no result\u00f3 bien\u00bb, sostuvo Lula en una entrevista de la revista semanal Carta Capital.<\/p>\n<p>Comparaciones. Seg\u00fan Lula, quien gobern\u00f3 Brasil entre 2003 y 2010 y luego logr\u00f3 elegir a Rousseff como su sucesora, el pa\u00eds que hered\u00f3 de Fernando Henrique Cardoso \u2014correligionario de Neves en el PSDB de Neves\u2014 estaba en condiciones mucho peores que las actuales, tanto desde el punto de vista social como econ\u00f3mico. \u00abEl Brasil de hoy est\u00e1 infinitamente mejor desde el punto de vista de las finanzas p\u00fablicas, de la deuda interna p\u00fablica, de la deuda bruta, de la pol\u00edtica de intereses, de las reservas (de divisas)\u00bb, sostuvo el ex presidente, quien record\u00f3 que cuando asumi\u00f3 el gobierno el pa\u00eds ten\u00eda 30.000 millones de d\u00f3lares en reservas y una deuda de igual valor con el FMI.<\/p>\n<h6>Fuente: La Capital, Rosario<\/h6>\n","protected":false},"excerpt":{"rendered":"<p>Ballottage en Brasil. El carism\u00e1tico l\u00edder del Partido de los Trabajadores sostuvo que una victoria del opositor A\u00e9cio Neves ser\u00eda un retroceso para el pa\u00eds. La presidenta de Brasil, Dilma Rousseff, que el 26 de octubre pr\u00f3ximo disputar\u00e1 la segunda vuelta de las elecciones, afirm\u00f3 ayer que apoyar\u00e1 a su antecesor y padrino pol\u00edtico, Lula<\/p>\n","protected":false},"author":2,"featured_media":16463,"comment_status":"closed","ping_status":"closed","sticky":false,"template":"","format":"standard","meta":{"footnotes":""},"categories":[22],"tags":[57],"class_list":["post-16462","post","type-post","status-publish","format-standard","has-post-thumbnail","hentry","category-el-mundo","tag-el-mundo"],"_links":{"self":[{"href":"http:\/\/argentinamunicipal.com.ar\/argentina\/wp-json\/wp\/v2\/posts\/16462","targetHints":{"allow":["GET"]}}],"collection":[{"href":"http:\/\/argentinamunicipal.com.ar\/argentina\/wp-json\/wp\/v2\/posts"}],"about":[{"href":"http:\/\/argentinamunicipal.com.ar\/argentina\/wp-json\/wp\/v2\/types\/post"}],"author":[{"embeddable":true,"href":"http:\/\/argentinamunicipal.com.ar\/argentina\/wp-json\/wp\/v2\/users\/2"}],"replies":[{"embeddable":true,"href":"http:\/\/argentinamunicipal.com.ar\/argentina\/wp-json\/wp\/v2\/comments?post=16462"}],"version-history":[{"count":0,"href":"http:\/\/argentinamunicipal.com.ar\/argentina\/wp-json\/wp\/v2\/posts\/16462\/revisions"}],"wp:featuredmedia":[{"embeddable":true,"href":"http:\/\/argentinamunicipal.com.ar\/argentina\/wp-json\/wp\/v2\/media\/16463"}],"wp:attachment":[{"href":"http:\/\/argentinamunicipal.com.ar\/argentina\/wp-json\/wp\/v2\/media?parent=16462"}],"wp:term":[{"taxonomy":"category","embeddable":true,"href":"http:\/\/argentinamunicipal.com.ar\/argentina\/wp-json\/wp\/v2\/categories?post=16462"},{"taxonomy":"post_tag","embeddable":true,"href":"http:\/\/argentinamunicipal.com.ar\/argentina\/wp-json\/wp\/v2\/tags?post=16462"}],"curies":[{"name":"wp","href":"https:\/\/api.w.org\/{rel}","templated":true}]}}