{"id":1652,"date":"2014-02-20T12:36:52","date_gmt":"2014-02-20T15:36:52","guid":{"rendered":"http:\/\/argentinamunicipal.com.ar\/argentina\/?p=1652"},"modified":"2014-02-20T12:36:52","modified_gmt":"2014-02-20T15:36:52","slug":"la-afip-establecio-un-regimen-de-registracion-de-movimientos-y-existencias-de-granos","status":"publish","type":"post","link":"http:\/\/argentinamunicipal.com.ar\/argentina\/la-afip-establecio-un-regimen-de-registracion-de-movimientos-y-existencias-de-granos\/","title":{"rendered":"La AFIP estableci\u00f3 un r\u00e9gimen de registraci\u00f3n de movimientos y existencias de granos"},"content":{"rendered":"<p><a href=\"http:\/\/argentinamunicipal.com.ar\/argentina\/wp-content\/uploads\/2014\/02\/granos-maiz.jpg\"><img loading=\"lazy\" decoding=\"async\" class=\"aligncenter size-full wp-image-1666\" alt=\"granos-maiz\" src=\"http:\/\/argentinamunicipal.com.ar\/argentina\/wp-content\/uploads\/2014\/02\/granos-maiz.jpg\" width=\"800\" height=\"520\" srcset=\"http:\/\/argentinamunicipal.com.ar\/argentina\/wp-content\/uploads\/2014\/02\/granos-maiz.jpg 800w, http:\/\/argentinamunicipal.com.ar\/argentina\/wp-content\/uploads\/2014\/02\/granos-maiz-300x195.jpg 300w\" sizes=\"auto, (max-width: 800px) 100vw, 800px\" \/><\/a><\/p>\n<p>Con el argumento de \u00absimplificar la operatoria\u00bb vigente, la AFIP cre\u00f3 un esquema que le permitir\u00e1 tener mayor control e informaci\u00f3n sobre las transacciones del sector. El Gobierno acusa al campo de no vender la cosecha.<\/p>\n<p>El Gobierno public\u00f3 hoy en el Bolet\u00edn Oficial una resoluci\u00f3n a trav\u00e9s de la cual dispuso crear un r\u00e9gimen de \u00abregistraci\u00f3n sistem\u00e1tica de movimientos y existencia de granos no destinados a la siembra -cereales y oleaginosas- y de legumbres secas -porotos, arvejas y lentejas-\u00bb que le permitir\u00e1n a la AFIP tener un mayor control sobre las operaciones del sector.<\/p>\n<p>Se trata de un registro digital, el cual deber\u00e1 realizarse ingresando al sitio web del organismo fiscalizador (http:\/\/www.afip.gob.ar), en el servicio \u00abCODIGO DE TRAZABILIDAD DE GRANOS &#8211; CTG\u00bb, opci\u00f3n \u00abConfirmaci\u00f3n Definitiva del CTG\u00bb, y suministrar all\u00ed toda la informaci\u00f3n que solicita el fisco, que se detalla a continuaci\u00f3n:<\/p>\n<p>La existencia inicial de granos -a partir de la vigencia del presente r\u00e9gimen (el 1 de abril de 2014)- debiendo identificar por cada planta habilitada por el Ministerio de Agricultura, Ganader\u00eda y Pesca el grano, kilogramos y cosecha a la que pertenece.<\/p>\n<p>Las existencias de granos a la hora cero del d\u00eda correspondiente al d\u00eda de inicio de actividades.<\/p>\n<p>Ingresos o salidas correspondientes a la recepci\u00f3n o emisi\u00f3n de cartas de porte ferroviarias, Conocimientos de Embarque o remitos, o los que en el futuro los sustituyan o complementen.<\/p>\n<p>Registraciones no contempladas en los incisos precedentes que correspondan a ajustes o correcciones en la registraci\u00f3n efectuada por cada planta habilitada (incluyendo aquellos dep\u00f3sitos transitorios o de uso temporal, discontinuo o eventual, dependientes de \u00e9sta).<\/p>\n<p>La resoluci\u00f3n pone especial \u00e9nfasis en que aquellos productores que incumplan con el nuevo r\u00e9gimen o la AFIP detecte \u00abinconsistencias\u00bb ser\u00e1n sancionados.<\/p>\n<p>Adem\u00e1s, se\u00f1ala que con motivo de verificaciones o fiscalizaciones, en base a par\u00e1metros objetivos de medici\u00f3n, el organismo que conduce Ricardo Echegarat \u00abpodr\u00e1 modificar las existencias de granos por cada planta habilitada y campa\u00f1a involucrada de acuerdo con la informaci\u00f3n suministrada, o cuando la misma no responda a la realidad econ\u00f3mica del responsable\u00bb.<\/p>\n<p>El procedimiento de registraci\u00f3n sist\u00e9mica prevista por esta resoluci\u00f3n general, a\u00f1ade, \u00abpodr\u00e1 ser objeto de adecuaciones cuando se adviertan necesidades operativas o funcionales que as\u00ed lo requieran\u00bb.<\/p>\n<p>A la hora de fundamentar la decisi\u00f3n, el fisco sostuvo que \u00abse hace necesario simplificar la operatoria de registraci\u00f3n de movimientos f\u00edsicos de granos\u00bb vigente as\u00ed como \u00abconsolidar la captaci\u00f3n de dicha informaci\u00f3n a los efectos de agilizar su utilizaci\u00f3n\u00bb para \u00abadecuarla a los avances que incorporan los operadores, tanto en lo que se refiere a los sistemas de comercializaci\u00f3n como al manejo f\u00edsico de los granos y el consiguiente reflejo tributario, que redundar\u00e1n en una econom\u00eda de actividad y medios para los sujetos alcanzados y para este Organismo\u00bb.<\/p>\n<p>En ese marco, dispuso que los procedimientos vigentes para documentar el traslado de granos \u00abdeben reflejarse en un registro de existencias de granos que permita un adecuado seguimiento y control de las operaciones involucradas, para aquellos operadores de granos con planta habilitada por la autoridad de aplicaci\u00f3n\u00bb.<\/p>\n<h6>Fuente: El Once<\/h6>\n","protected":false},"excerpt":{"rendered":"<p>Con el argumento de \u00absimplificar la operatoria\u00bb vigente, la AFIP cre\u00f3 un esquema que le permitir\u00e1 tener mayor control e informaci\u00f3n sobre las transacciones del sector. El Gobierno acusa al campo de no vender la cosecha. El Gobierno public\u00f3 hoy en el Bolet\u00edn Oficial una resoluci\u00f3n a trav\u00e9s de la cual dispuso crear un r\u00e9gimen<\/p>\n","protected":false},"author":2,"featured_media":1666,"comment_status":"closed","ping_status":"closed","sticky":false,"template":"","format":"standard","meta":{"footnotes":""},"categories":[8],"tags":[21],"class_list":["post-1652","post","type-post","status-publish","format-standard","has-post-thumbnail","hentry","category-informe-nacional","tag-argentina"],"_links":{"self":[{"href":"http:\/\/argentinamunicipal.com.ar\/argentina\/wp-json\/wp\/v2\/posts\/1652","targetHints":{"allow":["GET"]}}],"collection":[{"href":"http:\/\/argentinamunicipal.com.ar\/argentina\/wp-json\/wp\/v2\/posts"}],"about":[{"href":"http:\/\/argentinamunicipal.com.ar\/argentina\/wp-json\/wp\/v2\/types\/post"}],"author":[{"embeddable":true,"href":"http:\/\/argentinamunicipal.com.ar\/argentina\/wp-json\/wp\/v2\/users\/2"}],"replies":[{"embeddable":true,"href":"http:\/\/argentinamunicipal.com.ar\/argentina\/wp-json\/wp\/v2\/comments?post=1652"}],"version-history":[{"count":0,"href":"http:\/\/argentinamunicipal.com.ar\/argentina\/wp-json\/wp\/v2\/posts\/1652\/revisions"}],"wp:featuredmedia":[{"embeddable":true,"href":"http:\/\/argentinamunicipal.com.ar\/argentina\/wp-json\/wp\/v2\/media\/1666"}],"wp:attachment":[{"href":"http:\/\/argentinamunicipal.com.ar\/argentina\/wp-json\/wp\/v2\/media?parent=1652"}],"wp:term":[{"taxonomy":"category","embeddable":true,"href":"http:\/\/argentinamunicipal.com.ar\/argentina\/wp-json\/wp\/v2\/categories?post=1652"},{"taxonomy":"post_tag","embeddable":true,"href":"http:\/\/argentinamunicipal.com.ar\/argentina\/wp-json\/wp\/v2\/tags?post=1652"}],"curies":[{"name":"wp","href":"https:\/\/api.w.org\/{rel}","templated":true}]}}