{"id":16607,"date":"2014-10-17T09:03:42","date_gmt":"2014-10-17T12:03:42","guid":{"rendered":"http:\/\/argentinamunicipal.com.ar\/argentina\/?p=16607"},"modified":"2014-10-17T09:03:42","modified_gmt":"2014-10-17T12:03:42","slug":"entre-rios-certificaron-la-universidad-adventista-del-plata-como-la-primera-saludable-del-pais","status":"publish","type":"post","link":"http:\/\/argentinamunicipal.com.ar\/argentina\/entre-rios-certificaron-la-universidad-adventista-del-plata-como-la-primera-saludable-del-pais\/","title":{"rendered":"Entre R\u00edos: Certificaron a la Universidad Adventista del Plata como la primera saludable del pa\u00eds"},"content":{"rendered":"<p><a href=\"http:\/\/argentinamunicipal.com.ar\/argentina\/wp-content\/uploads\/2014\/10\/Bibliotecha.jpg\"><img loading=\"lazy\" decoding=\"async\" class=\"aligncenter size-full wp-image-16608\" src=\"http:\/\/argentinamunicipal.com.ar\/argentina\/wp-content\/uploads\/2014\/10\/Bibliotecha.jpg\" alt=\"Bibliotecha\" width=\"658\" height=\"374\" srcset=\"http:\/\/argentinamunicipal.com.ar\/argentina\/wp-content\/uploads\/2014\/10\/Bibliotecha.jpg 658w, http:\/\/argentinamunicipal.com.ar\/argentina\/wp-content\/uploads\/2014\/10\/Bibliotecha-300x170.jpg 300w\" sizes=\"auto, (max-width: 658px) 100vw, 658px\" \/><\/a><br \/>\nLa misma se logr\u00f3 al cumplir con los tres ejes de un entorno laboral saludable: ambiente libre de humo de tabaco, alimentaci\u00f3n saludable y actividad f\u00edsica. La UAP ya contaba con la certificaci\u00f3n de entorno laboral saludable.<\/p>\n<p>En el D\u00eda Mundial de la Alimentaci\u00f3n la Universidad Adventista del Plata es la primera casa de altos estudios del pa\u00eds en certificarse como saludable. La ceremonia estuvo a cargo del ministro de Salud, Hugo Cettour, junto a la referente regional de la Direcci\u00f3n de Promoci\u00f3n de la salud y Control de las Enfermedades Cr\u00f3nicas No Transmisibles (ECNT), Cristina Cipolla y al vicerrector Universidad, V\u00edctor Armenteros, quienes firmaron la declaraci\u00f3n que posiciona a la unidad educativa como la primera universidad saludable de la Rep\u00fablica Argentina.<\/p>\n<p>La Universidad Adventista del Plata en Villa Libertador General San Mart\u00edn, obtuvo la certificaci\u00f3n como universidad saludable, transform\u00e1ndose en la primera del pa\u00eds en lograr tal denominaci\u00f3n al cumplir con los tres ejes de un entorno laboral saludable: ambiente libre de humo de tabaco, alimentaci\u00f3n saludable y actividad f\u00edsica. Cabe destacar que ya contaba con la certificaci\u00f3n de entorno laboral saludable.<\/p>\n<p>El ministro de Salud, Hugo Cettour, recorri\u00f3 el campus y las facultades y destac\u00f3 \u00abla importancia del compromiso de la UAP en la promoci\u00f3n de los h\u00e1bitos de vida sana en cada una de las facultades y espacios universitarios\u00bb.<\/p>\n<p>En el sal\u00f3n Dr. Roberto Habenicht de la Facultad de Ciencias de la Salud de la UAP, el titular de la cartera sanitaria manifest\u00f3 la importancia del trabajo interdisciplinario sobre el ciudadano sano para tratar que no se enferme y el trabajo conjunto entre naci\u00f3n, provincia, municipio, universidades, entidades civiles y sociedades cient\u00edficas. \u00abEste trabajo que est\u00e1 haciendo la universidad en nuestro territorio, lo cual agradecemos, atiende fundamentalmente uno de los ejes del gobierno: la atenci\u00f3n primaria\u00bb. En este sentido y en relaci\u00f3n a la categorizaci\u00f3n de la UAP como la primera universidad saludable, valor\u00f3: \u00abQue tengamos en Entre R\u00edos la primera universidad saludable del pa\u00eds, es un doble privilegio como entrerriano y como ministro de Salud\u00bb.<\/p>\n<p>Por su parte, la referente regional de la Direcci\u00f3n de Promoci\u00f3n de la salud y Control de las Enfermedades Cr\u00f3nicas No Transmisibles (ECNT), Cristina Cipolla, destac\u00f3 al acto como \u00abmuy importante\u00bb, dado que \u00abes la primera universidad saludable del pa\u00eds\u00bb. Y agreg\u00f3: \u00abLa formalidad que estaremos firmando es un s\u00edmbolo, pues sabemos lo que aqu\u00ed se hace y que esto supera a cualquier protocolo, y va m\u00e1s all\u00e1. Me da mucha alegr\u00eda que sea esta universidad, pues la conozco hace ya tiempo, como tambi\u00e9n a Milton Mesa, decano de la FCS, y a Daniel Y\u00e1\u00f1ez, vicedirector de la carrera de Medicina\u00bb. Por \u00faltimo refiri\u00f3: \u00abMe place tambi\u00e9n que esto suceda en Entre R\u00edos, pues me toca desempe\u00f1arme en la Regi\u00f3n Centro y esto sucede gracias a la labor que est\u00e1n realizando desde la Coordinaci\u00f3n de Prevenci\u00f3n de Enfermedades Cr\u00f3nicas No Transmisibles de Entre R\u00edos, Evelyn Baraballe y Horacio Gim\u00e9nez, quienes acompa\u00f1an este proyecto en los municipios desde el Ministerio de Salud que encabeza el ministro Cettour en la provincia\u00bb, concluy\u00f3.<\/p>\n<p>El vicerrector acad\u00e9mico, V\u00edctor Armenteros, agradeci\u00f3 la visita de la provincia y la naci\u00f3n y expres\u00f3 que \u00abes para nosotros una felicidad poder vivir este momento, no solamente porque forma parte de nuestra identidad, del ADN, de los genes que forman nuestra cultura y marco te\u00f3rico, sino porque crea v\u00ednculos que, creemos, son importantes\u00bb. As\u00ed agradeci\u00f3 a los representantes de la municipalidad y del Sanatorio Adventista del Plata con \u00abquienes trabajamos de manera muy vinculada, y a grupos de diferentes \u00e1reas, sobre todo de salud\u00bb. Por \u00faltimo expres\u00f3 que \u00abesto no es un trabajo de poco tiempo, esta iniciativa tiene 16 a\u00f1os, forma parte de una cultura, en la que no solamente hay una preocupaci\u00f3n por la salud sino por el entorno, la naturaleza, la espiritualidad, para que el hombre reciba una educaci\u00f3n integral\u00bb.<\/p>\n<p>Finalmente el decano de la Facultad de Ciencias de la Salud, Milton Mesa, refiri\u00f3: \u00abLa universidad tom\u00f3 la decisi\u00f3n, hace un tiempo, de crear en la facultad un departamento que fuera relacionado a la promoci\u00f3n de la salud y el estilo de vida, desde all\u00ed se motorizaron los procesos para que en la universidad pudiera avanzar en este camino\u00bb. De esta manera agradeci\u00f3 \u00aba todos los que colaboraron para crear en la universidad un contexto favorable a la salud\u00bb.<\/p>\n<p>Cabe citar que por la cartera sanitaria estuvieron adem\u00e1s la directora de Municipios y Comunidades Saludables, Rosana Robledo junto a los coordinadores de Prevenci\u00f3n de Enfermedades Cr\u00f3nicas No Transmisibles, Evelyn Baraballe y Horacio Gim\u00e9nez. Asistieron tambi\u00e9n Rub\u00e9n Ord\u00f3\u00f1ez y Fredy Rivoir, presidente y vicepresidente del Municipio de Libertador San Mart\u00edn; Rub\u00e9n Boidi, vicerrector Econ\u00f3mico-Financiero; Walter Lehoux, vicerrector de Bienestar Estudiantil; la secretaria general Nilde Mayer de Luz; el pastor de la iglesia de la Universidad Roberto Giordana; y el director del Sanatorio Adventista del Plata y vicedecano de la Facultad de Ciencias de la Salud, Kenny Vicente.<\/p>\n<p>La prevenci\u00f3n como filosof\u00eda del Sanatorio Adventista del Plata<\/p>\n<p>Luego de la firma el ministro recorri\u00f3 las instalaciones del Sanatorio Adventista junto a director general de la entidad Kenny Vicente Senn quien sostuvo que como instituci\u00f3n \u00abtenemos una filosof\u00eda basada en la prevenci\u00f3n, en primer lugar. Por eso tenemos el Centro de Vida Sana, con 34 a\u00f1os de historia, recibiendo personas para inmersi\u00f3n en un estilo de vida saludable y tambi\u00e9n se sale a la comunidad a trav\u00e9s de charlas\u00bb.<\/p>\n<p>El profesional record\u00f3 que hace un tiempo recibieron la certificaci\u00f3n provincial como instituci\u00f3n Libre de Humo de Tabaco y tambi\u00e9n como entorno laboral saludable, al tiempo que agradeci\u00f3 el reconocimiento. \u00abEn lo que es tabaquismo, venimos trabajando hace d\u00e9cadas y tenemos una serie de programas permanentes hacia la comunidad\u00bb y finalmente efectu\u00f3 el lanzamiento del plan de educaci\u00f3n a la comunidad a trav\u00e9s de la literatura con la entrega del primer ejemplar del libro \u00abViva con esperanza\u00bb al titular de la cartera sanitaria.<\/p>\n<p>En la oportunidad el director de Asistencia Espiritual y Extensi\u00f3n de la entidad, Carlos Sapia, efectu\u00f3 una presentaci\u00f3n sobre los distintos temas de salud que se trabajan en los m\u00e1s de 150 cursos que brindan en distintas localidad y que est\u00e1n vinculados a stress, h\u00e1bitos de vida, adicciones qu\u00edmicas y psicol\u00f3gicas, relaciones humanas, alimentaci\u00f3n, tabaquismo y desnutrici\u00f3n infantil, entre otros.<\/p>\n<p>Durante el encuentro estuvieron adem\u00e1s el director del Centro Vida Sana, Juan Carlos Picasso; la vicedirectora m\u00e9dica, Magaly Pereyra y el gerente general, Arnoldo Schllemberger junto a supervisores de enfermer\u00eda.<\/p>\n<h6>Fuente: El Once<\/h6>\n","protected":false},"excerpt":{"rendered":"<p>La misma se logr\u00f3 al cumplir con los tres ejes de un entorno laboral saludable: ambiente libre de humo de tabaco, alimentaci\u00f3n saludable y actividad f\u00edsica. La UAP ya contaba con la certificaci\u00f3n de entorno laboral saludable. En el D\u00eda Mundial de la Alimentaci\u00f3n la Universidad Adventista del Plata es la primera casa de altos<\/p>\n","protected":false},"author":2,"featured_media":16608,"comment_status":"closed","ping_status":"closed","sticky":false,"template":"","format":"standard","meta":{"footnotes":""},"categories":[2],"tags":[17],"class_list":["post-16607","post","type-post","status-publish","format-standard","has-post-thumbnail","hentry","category-informe-municipal","tag-entre-rios"],"_links":{"self":[{"href":"http:\/\/argentinamunicipal.com.ar\/argentina\/wp-json\/wp\/v2\/posts\/16607","targetHints":{"allow":["GET"]}}],"collection":[{"href":"http:\/\/argentinamunicipal.com.ar\/argentina\/wp-json\/wp\/v2\/posts"}],"about":[{"href":"http:\/\/argentinamunicipal.com.ar\/argentina\/wp-json\/wp\/v2\/types\/post"}],"author":[{"embeddable":true,"href":"http:\/\/argentinamunicipal.com.ar\/argentina\/wp-json\/wp\/v2\/users\/2"}],"replies":[{"embeddable":true,"href":"http:\/\/argentinamunicipal.com.ar\/argentina\/wp-json\/wp\/v2\/comments?post=16607"}],"version-history":[{"count":0,"href":"http:\/\/argentinamunicipal.com.ar\/argentina\/wp-json\/wp\/v2\/posts\/16607\/revisions"}],"wp:featuredmedia":[{"embeddable":true,"href":"http:\/\/argentinamunicipal.com.ar\/argentina\/wp-json\/wp\/v2\/media\/16608"}],"wp:attachment":[{"href":"http:\/\/argentinamunicipal.com.ar\/argentina\/wp-json\/wp\/v2\/media?parent=16607"}],"wp:term":[{"taxonomy":"category","embeddable":true,"href":"http:\/\/argentinamunicipal.com.ar\/argentina\/wp-json\/wp\/v2\/categories?post=16607"},{"taxonomy":"post_tag","embeddable":true,"href":"http:\/\/argentinamunicipal.com.ar\/argentina\/wp-json\/wp\/v2\/tags?post=16607"}],"curies":[{"name":"wp","href":"https:\/\/api.w.org\/{rel}","templated":true}]}}