{"id":16610,"date":"2014-10-17T09:06:46","date_gmt":"2014-10-17T12:06:46","guid":{"rendered":"http:\/\/argentinamunicipal.com.ar\/argentina\/?p=16610"},"modified":"2014-10-17T09:06:46","modified_gmt":"2014-10-17T12:06:46","slug":"neves-supera-rousseff-por-45-43-para-el-balotaje","status":"publish","type":"post","link":"http:\/\/argentinamunicipal.com.ar\/argentina\/neves-supera-rousseff-por-45-43-para-el-balotaje\/","title":{"rendered":"Neves supera a Rousseff por 45% a 43% para el balotaje"},"content":{"rendered":"<p><a href=\"http:\/\/argentinamunicipal.com.ar\/argentina\/wp-content\/uploads\/2014\/10\/PRE-brasil.gif_274898881.gif\"><img loading=\"lazy\" decoding=\"async\" class=\"aligncenter size-full wp-image-16611\" src=\"http:\/\/argentinamunicipal.com.ar\/argentina\/wp-content\/uploads\/2014\/10\/PRE-brasil.gif_274898881.gif\" alt=\"PRE-brasil.gif_274898881\" width=\"624\" height=\"468\" \/><\/a><br \/>\nLa encuesta divulgada ayer considera que es un \u201cempate t\u00e9cnico\u201d pues toma en cuenta un 6% a 7% de votos nulos o en blanco.<\/p>\n<p>El candidato opositor a la presidencia de Brasil, el socialdem\u00f3crata A\u00e9cio Neves, mantiene una ventaja de 2 puntos porcentuales sobre la mandataria Dilma Rousseff en dos encuestas de intenci\u00f3n de voto para el balotaje del 26 de octubre, divulgadas ayer.<\/p>\n<p>La firma Datafolha y el Instituto Ibope mostraron a Neves (PSDB) al frente con el 45% de la intenci\u00f3n de voto, un punto porcentual menos que en el sondeo del 9 de octubre, mientras que Rousseff, candidata del Partido de los Trabajadores (PT, izquierda), registr\u00f3 el 43%, tambi\u00e9n un punto porcentual menos que en la encuesta anterior.<\/p>\n<p>Con el margen de error de dos puntos, se considera que ambos candidatos est\u00e1n t\u00e9cnicamente empatados. Los votos blancos o nulos se ubican en 6% y 7% en Datafolha e Ibope respectivamente, mientras que los indecisos se ubicaron en 6% y 4%.<\/p>\n<p>La encuesta Datafolha fue realizada entre el martes y mi\u00e9rcoles, el d\u00eda y el d\u00eda despu\u00e9s del debate televisivo entre Rousseff y Neves con miras a la segunda vuelta.<\/p>\n<p>Ese debate estuvo dominado por el intercambio de acusaciones y hasta calificativos mutuos de \u00abmentiroso\u00bb, dejando la propuesta en un segundo plano. Rousseff pas\u00f3 al balotaje liderando la primera vuelta con 41,59% de los votos, seguida por Neves (33,55%).<\/p>\n<p>La clase media se queja en \u00a0 una regi\u00f3n que crece m\u00e1s lento<\/p>\n<p>Montevideo. Desde hace unas semanas un cierto Juan Clasemedia denuncia por internet sus \u201cdesventuras\u201d en Uruguay: como \u00e9l, las clases medias de Am\u00e9rica Latina se sienten frustradas por la deficiencia de los servicios p\u00fablicos y preocupadas por su situaci\u00f3n en una regi\u00f3n que crece m\u00e1s lentamente.<\/p>\n<p>Juan Clasemedia \u201caunque mande a sus hijos a la escuela p\u00fablica, igual la educaci\u00f3n le sale cara\u201d, \u201cespera tres meses para ver a un especialista\u201d y \u201ccada domingo paga m\u00e1s en el supermercado\u201d, cuenta en un video de dibujos animados publicado en internet.<\/p>\n<p>Este personaje ficticio, que tiene su cuenta de Twitter, fue creado por el peque\u00f1o Partido Independiente, que surfea sobre la irritaci\u00f3n de esta clase social a poco de las elecciones generales del 26 de octubre.<\/p>\n<p>En 10 a\u00f1os, m\u00e1s de 50 millones de latinoamericanos salieron de la pobreza y accedieron al apreciado estatus de clase media, con ingresos individuales de entre 10 y 50 d\u00f3lares por d\u00eda, seg\u00fan la definici\u00f3n del Banco Mundial.<\/p>\n<p>\u201cLo que llamamos clase media es un 30 y pico por ciento de la poblaci\u00f3n, que ahora tiene la capacidad econ\u00f3mica y el poder adquisitivo de comprar bienes durables, refrigeradores, licuadoras, televisiones, autom\u00f3viles\u201d, explica el ecuatoriano Augusto de la Torre, economista en jefe del Banco Mundial para Am\u00e9rica Latina.<\/p>\n<p>Su emergencia tom\u00f3 mil y una facetas: desde un boom de las ventas de ciclomotores en el noreste brasile\u00f1o hasta un \u00e9xito de las clases de ingl\u00e9s en l\u00ednea en Venezuela, sin olvidar el auge generalizado de internet y los smartphones. Pero tambi\u00e9n cre\u00f3 frustraciones, un mecanismo l\u00f3gico, seg\u00fan el economista: \u201cEl poder adquisitivo se adelanta a la calidad de los servicios p\u00fablicos\u201d.<\/p>\n<p>\u201cNuestra vida mejor\u00f3, claro que s\u00ed\u201d, cuenta Cida Alves, ama de casa brasile\u00f1a de 46 a\u00f1os, interrogada cerca del gigantesco centro comercial Itaquera de San Pablo. \u201cPero por ejemplo la salud p\u00fablica es terrible, nunca hay atenci\u00f3n r\u00e1pida\u201d, comenta.<\/p>\n<p>En junio de 2013, un mill\u00f3n de brasile\u00f1os salieron a las calles para exigir mejoras en los servicios p\u00fablicos, una insatisfacci\u00f3n que podr\u00eda complicar la reelecci\u00f3n de Dilma Rousseff en la segunda vuelta de las elecciones presidenciales del 26 de octubre.<\/p>\n<p>En Chile y en Colombia, el alto precio de la universidad provoc\u00f3 manifestaciones, y en Venezuela la poblaci\u00f3n protesta por la inseguridad.<br \/>\nLa frustraci\u00f3n de la clase media podr\u00eda adem\u00e1s aumentar con el enlentecimiento de la econom\u00eda.<\/p>\n<p>Brasil y Argentina acaban de entrar en recesi\u00f3n y el Fondo Monetario Internacional (FMI) predice un crecimiento regional de 1,3% en 2014, el m\u00e1s d\u00e9bil desde 2009.<\/p>\n<p>Un contexto preocupante para una clase media ya fr\u00e1gil, destaca Olivier Dab\u00e8ne, profesor de la facultad de Ciencia Pol\u00edtica en Par\u00eds y presidente del Observatorio Pol\u00edtico para Am\u00e9rica Latina y el Caribe. \u201cNo es lo que llamar\u00edamos en Europa una clase media\u201d, precisa, sino \u201cpersonas que accedieron al empleo formal\u201d y \u201cpermanecen en una situaci\u00f3n vulnerable pudiendo volver a caer r\u00e1pidamente en la pobreza en caso de perder un empleo\u201d. \u201cHemos visto muchos reportajes sobre personas que de golpe pueden comprar una heladera, un ciclomotor, pero lo que menos se dice es que se comprometieron con 12 mensualidades y a veces al cabo de la d\u00e9cima devuelven la mercader\u00eda porque no pueden pagarla\u201d, explica.<\/p>\n<h6>Fuente: Los Andes<\/h6>\n","protected":false},"excerpt":{"rendered":"<p>La encuesta divulgada ayer considera que es un \u201cempate t\u00e9cnico\u201d pues toma en cuenta un 6% a 7% de votos nulos o en blanco. El candidato opositor a la presidencia de Brasil, el socialdem\u00f3crata A\u00e9cio Neves, mantiene una ventaja de 2 puntos porcentuales sobre la mandataria Dilma Rousseff en dos encuestas de intenci\u00f3n de voto<\/p>\n","protected":false},"author":2,"featured_media":16611,"comment_status":"closed","ping_status":"closed","sticky":false,"template":"","format":"standard","meta":{"footnotes":""},"categories":[22],"tags":[57],"class_list":["post-16610","post","type-post","status-publish","format-standard","has-post-thumbnail","hentry","category-el-mundo","tag-el-mundo"],"_links":{"self":[{"href":"http:\/\/argentinamunicipal.com.ar\/argentina\/wp-json\/wp\/v2\/posts\/16610","targetHints":{"allow":["GET"]}}],"collection":[{"href":"http:\/\/argentinamunicipal.com.ar\/argentina\/wp-json\/wp\/v2\/posts"}],"about":[{"href":"http:\/\/argentinamunicipal.com.ar\/argentina\/wp-json\/wp\/v2\/types\/post"}],"author":[{"embeddable":true,"href":"http:\/\/argentinamunicipal.com.ar\/argentina\/wp-json\/wp\/v2\/users\/2"}],"replies":[{"embeddable":true,"href":"http:\/\/argentinamunicipal.com.ar\/argentina\/wp-json\/wp\/v2\/comments?post=16610"}],"version-history":[{"count":0,"href":"http:\/\/argentinamunicipal.com.ar\/argentina\/wp-json\/wp\/v2\/posts\/16610\/revisions"}],"wp:featuredmedia":[{"embeddable":true,"href":"http:\/\/argentinamunicipal.com.ar\/argentina\/wp-json\/wp\/v2\/media\/16611"}],"wp:attachment":[{"href":"http:\/\/argentinamunicipal.com.ar\/argentina\/wp-json\/wp\/v2\/media?parent=16610"}],"wp:term":[{"taxonomy":"category","embeddable":true,"href":"http:\/\/argentinamunicipal.com.ar\/argentina\/wp-json\/wp\/v2\/categories?post=16610"},{"taxonomy":"post_tag","embeddable":true,"href":"http:\/\/argentinamunicipal.com.ar\/argentina\/wp-json\/wp\/v2\/tags?post=16610"}],"curies":[{"name":"wp","href":"https:\/\/api.w.org\/{rel}","templated":true}]}}