{"id":16656,"date":"2014-10-19T07:05:46","date_gmt":"2014-10-19T10:05:46","guid":{"rendered":"http:\/\/argentinamunicipal.com.ar\/argentina\/?p=16656"},"modified":"2014-10-17T10:09:27","modified_gmt":"2014-10-17T13:09:27","slug":"francia-las-empresas-le-pagaran-los-empleados-para-ir-en-bici-al-trabajo","status":"publish","type":"post","link":"http:\/\/argentinamunicipal.com.ar\/argentina\/francia-las-empresas-le-pagaran-los-empleados-para-ir-en-bici-al-trabajo\/","title":{"rendered":"Francia: las empresas le pagar\u00e1n a los empleados para ir en bici al trabajo"},"content":{"rendered":"<p><a href=\"http:\/\/argentinamunicipal.com.ar\/argentina\/wp-content\/uploads\/2014\/10\/buendiario-Ley-Francia-sueldo-extra-trabajar-bici.jpg\"><img loading=\"lazy\" decoding=\"async\" class=\"aligncenter size-full wp-image-16657\" src=\"http:\/\/argentinamunicipal.com.ar\/argentina\/wp-content\/uploads\/2014\/10\/buendiario-Ley-Francia-sueldo-extra-trabajar-bici.jpg\" alt=\"buendiario-Ley-Francia-sueldo-extra-trabajar-bici\" width=\"576\" height=\"380\" srcset=\"http:\/\/argentinamunicipal.com.ar\/argentina\/wp-content\/uploads\/2014\/10\/buendiario-Ley-Francia-sueldo-extra-trabajar-bici.jpg 576w, http:\/\/argentinamunicipal.com.ar\/argentina\/wp-content\/uploads\/2014\/10\/buendiario-Ley-Francia-sueldo-extra-trabajar-bici-300x197.jpg 300w\" sizes=\"auto, (max-width: 576px) 100vw, 576px\" \/><\/a><br \/>\nAdem\u00e1s, las compa\u00f1\u00edas de m\u00e1s de 100 empleados deber\u00e1n promover el transporte p\u00fablico y los autos compartidos. Las bolsas pl\u00e1sticas de solo uso estar\u00e1n prohibidas.<\/p>\n<p>Con el fin de reducir a la mitad su consumo de energ\u00eda en 2050, avanza en Francia la ley de Transici\u00f3n Energ\u00e9tica, que incluye incentivos para utilizar la bicicleta y prohibir bolsas y vajillas de un solo uso.<\/p>\n<p>El martes, la Asamblea Nacional dio luz verde al proyecto. Ahora, el Senado deber\u00e1 validar la norma, pero se da por descontado que la ley ser\u00e1 finalmente sancionada.<\/p>\n<p>Seg\u00fan publica El Pa\u00eds, las principales medidas son:<\/p>\n<p>Las empresas pagar\u00e1n menos cargas sociales a cambio de que paguen a sus empleados aproximadamente 25 c\u00e9ntimos de euro por cada kil\u00f3metro recorrido en bicicleta.<\/p>\n<p>Las firmas de m\u00e1s de 100 empleados deber\u00e1n presentar un plan para promover el transporte p\u00fablico, los autos compartidos o la bicicleta.<\/p>\n<p>Las bolsas de pl\u00e1stico de uso \u00fanico estar\u00e1n prohibidas a partir de enero de 2016. Desde 2020, igual restricci\u00f3n se aplicar\u00e1 para cubiertos y vajillas de pl\u00e1stico.<\/p>\n<p>Se aumentar\u00e1n las fuentes renovables de energ\u00eda hasta que alcancen el 40 por ciento del total. Se reducir\u00e1 el uso de combustibles f\u00f3siles en un 30 por ciento en 15 a\u00f1os \u00a0y se renovar\u00e1n los edificios para ahorrar energ\u00eda y bajar a la mitad los deshechos en 2025.<\/p>\n<p>Adem\u00e1s, se podnr\u00e1n ponen en marcha \u00abecopr\u00e9stamos\u00bb a inter\u00e9s cero.<\/p>\n<p>Se instalar\u00e1n siete millones de puntos de recarga para los autos \u00a0el\u00e9ctricos. En la actualidad hay 10.000.<\/p>\n<p>La ley fue aprobada por mayor\u00eda en la Asamblea (314 votos contra 219). Tiene un costo de 10.000 millones de euros en tres a\u00f1os.<\/p>\n<h6>Fuente: La Voz del Interior<\/h6>\n","protected":false},"excerpt":{"rendered":"<p>Adem\u00e1s, las compa\u00f1\u00edas de m\u00e1s de 100 empleados deber\u00e1n promover el transporte p\u00fablico y los autos compartidos. Las bolsas pl\u00e1sticas de solo uso estar\u00e1n prohibidas. Con el fin de reducir a la mitad su consumo de energ\u00eda en 2050, avanza en Francia la ley de Transici\u00f3n Energ\u00e9tica, que incluye incentivos para utilizar la bicicleta y<\/p>\n","protected":false},"author":2,"featured_media":16657,"comment_status":"closed","ping_status":"closed","sticky":false,"template":"","format":"standard","meta":{"footnotes":""},"categories":[22],"tags":[57],"class_list":["post-16656","post","type-post","status-publish","format-standard","has-post-thumbnail","hentry","category-el-mundo","tag-el-mundo"],"_links":{"self":[{"href":"http:\/\/argentinamunicipal.com.ar\/argentina\/wp-json\/wp\/v2\/posts\/16656","targetHints":{"allow":["GET"]}}],"collection":[{"href":"http:\/\/argentinamunicipal.com.ar\/argentina\/wp-json\/wp\/v2\/posts"}],"about":[{"href":"http:\/\/argentinamunicipal.com.ar\/argentina\/wp-json\/wp\/v2\/types\/post"}],"author":[{"embeddable":true,"href":"http:\/\/argentinamunicipal.com.ar\/argentina\/wp-json\/wp\/v2\/users\/2"}],"replies":[{"embeddable":true,"href":"http:\/\/argentinamunicipal.com.ar\/argentina\/wp-json\/wp\/v2\/comments?post=16656"}],"version-history":[{"count":0,"href":"http:\/\/argentinamunicipal.com.ar\/argentina\/wp-json\/wp\/v2\/posts\/16656\/revisions"}],"wp:featuredmedia":[{"embeddable":true,"href":"http:\/\/argentinamunicipal.com.ar\/argentina\/wp-json\/wp\/v2\/media\/16657"}],"wp:attachment":[{"href":"http:\/\/argentinamunicipal.com.ar\/argentina\/wp-json\/wp\/v2\/media?parent=16656"}],"wp:term":[{"taxonomy":"category","embeddable":true,"href":"http:\/\/argentinamunicipal.com.ar\/argentina\/wp-json\/wp\/v2\/categories?post=16656"},{"taxonomy":"post_tag","embeddable":true,"href":"http:\/\/argentinamunicipal.com.ar\/argentina\/wp-json\/wp\/v2\/tags?post=16656"}],"curies":[{"name":"wp","href":"https:\/\/api.w.org\/{rel}","templated":true}]}}