{"id":1678,"date":"2014-02-20T14:47:05","date_gmt":"2014-02-20T17:47:05","guid":{"rendered":"http:\/\/argentinamunicipal.com.ar\/argentina\/?p=1678"},"modified":"2014-02-20T14:47:05","modified_gmt":"2014-02-20T17:47:05","slug":"ushuaia-intendente-se-solidarizo-con-trabajadores-municipales-agredidos","status":"publish","type":"post","link":"http:\/\/argentinamunicipal.com.ar\/argentina\/ushuaia-intendente-se-solidarizo-con-trabajadores-municipales-agredidos\/","title":{"rendered":"Ushuaia: Intendente se solidariz\u00f3 con trabajadores municipales agredidos"},"content":{"rendered":"<p><a href=\"http:\/\/argentinamunicipal.com.ar\/argentina\/wp-content\/uploads\/2014\/02\/1392902741-600sciurano_agredidos_thumb_550.jpg\"><img loading=\"lazy\" decoding=\"async\" class=\"alignleft  wp-image-1681\" alt=\"1392902741-600sciurano_agredidos_thumb_550\" src=\"http:\/\/argentinamunicipal.com.ar\/argentina\/wp-content\/uploads\/2014\/02\/1392902741-600sciurano_agredidos_thumb_550.jpg\" width=\"440\" height=\"330\" srcset=\"http:\/\/argentinamunicipal.com.ar\/argentina\/wp-content\/uploads\/2014\/02\/1392902741-600sciurano_agredidos_thumb_550.jpg 550w, http:\/\/argentinamunicipal.com.ar\/argentina\/wp-content\/uploads\/2014\/02\/1392902741-600sciurano_agredidos_thumb_550-300x224.jpg 300w\" sizes=\"auto, (max-width: 440px) 100vw, 440px\" \/><\/a>El intendente Federico Sciurano recibi\u00f3 en la sala de situaci\u00f3n al director de Enrique Dur\u00e1n y al chofer de Desarrollo Social, Eduardo Vel\u00e1zquez, quienes fueron amenazados y agredidos verbalmente cuando intentaba asistir a familias que ocuparon irregularmente un predio en \u201cLa Bolsita\u201d.<\/p>\n<p>Junto al Jefe Comunal estuvo Juan Manuel Romano, como titular de la Secretar\u00eda de Promoci\u00f3n, Desarrollo Social y Derechos Humanos.<\/p>\n<p>El Intendente les manifest\u00f3 que contaban con todo el apoyo de la Municipalidad de Ushuaia y puso a disposici\u00f3n el \u00e1rea Legal para que cuenten con un asesoramiento. Adem\u00e1s les manifest\u00f3 que iban a tener el respaldo un \u201crespaldo total de la municipalidad\u201d.<\/p>\n<p>Los trabajadores hab\u00edan concurrido al asentamiento \u201cLa Bolsita\u201d, donde algunas personas pretend\u00edan llevar adelante una ocupaci\u00f3n clandestina. El personal de Desarrollo Social concurri\u00f3 a dialogar con las personas para que desistieran de su actitud.<br \/>\nImprevistamente lleg\u00f3 al lugar un sujeto quien los amenaz\u00f3 con un elemento contundente y tras insultarlos les pidi\u00f3 que se retiraran advirtiendo que de lo contrario los \u201ciba a sacar a palos\u201d.<\/p>\n<p>Al respecto, el Intendente dijo que \u201cno vamos a permitir que los agentes de la Municipalidad sean agredidos ni verbal ni bajo otra metodolog\u00eda cuando ejercen su trabajo\u201d, sostuvo el Intendente. Adem\u00e1s consider\u00f3 que \u201ces m\u00e1s repudiable a\u00fan que sean v\u00edctima del mal trato cuando intentan asistir a personas en riesgo\u201d.<\/p>\n<p>El Intendente manifest\u00f3 que \u201cvamos a respaldar a nuestros trabajadores y por ello es que le hemos manifestado nuestro apoyo desde la parte legal, ya que ellos han hecho la denuncia policial y el caso ser\u00e1 llevado a la justicia penal\u201d.<\/p>\n<h6>Fuente: Sur 54<\/h6>\n","protected":false},"excerpt":{"rendered":"<p>El intendente Federico Sciurano recibi\u00f3 en la sala de situaci\u00f3n al director de Enrique Dur\u00e1n y al chofer de Desarrollo Social, Eduardo Vel\u00e1zquez, quienes fueron amenazados y agredidos verbalmente cuando intentaba asistir a familias que ocuparon irregularmente un predio en \u201cLa Bolsita\u201d. Junto al Jefe Comunal estuvo Juan Manuel Romano, como titular de la Secretar\u00eda<\/p>\n","protected":false},"author":2,"featured_media":1681,"comment_status":"closed","ping_status":"closed","sticky":false,"template":"","format":"standard","meta":{"footnotes":""},"categories":[2],"tags":[34],"class_list":["post-1678","post","type-post","status-publish","format-standard","has-post-thumbnail","hentry","category-informe-municipal","tag-tierra-del-fuego"],"_links":{"self":[{"href":"http:\/\/argentinamunicipal.com.ar\/argentina\/wp-json\/wp\/v2\/posts\/1678","targetHints":{"allow":["GET"]}}],"collection":[{"href":"http:\/\/argentinamunicipal.com.ar\/argentina\/wp-json\/wp\/v2\/posts"}],"about":[{"href":"http:\/\/argentinamunicipal.com.ar\/argentina\/wp-json\/wp\/v2\/types\/post"}],"author":[{"embeddable":true,"href":"http:\/\/argentinamunicipal.com.ar\/argentina\/wp-json\/wp\/v2\/users\/2"}],"replies":[{"embeddable":true,"href":"http:\/\/argentinamunicipal.com.ar\/argentina\/wp-json\/wp\/v2\/comments?post=1678"}],"version-history":[{"count":0,"href":"http:\/\/argentinamunicipal.com.ar\/argentina\/wp-json\/wp\/v2\/posts\/1678\/revisions"}],"wp:featuredmedia":[{"embeddable":true,"href":"http:\/\/argentinamunicipal.com.ar\/argentina\/wp-json\/wp\/v2\/media\/1681"}],"wp:attachment":[{"href":"http:\/\/argentinamunicipal.com.ar\/argentina\/wp-json\/wp\/v2\/media?parent=1678"}],"wp:term":[{"taxonomy":"category","embeddable":true,"href":"http:\/\/argentinamunicipal.com.ar\/argentina\/wp-json\/wp\/v2\/categories?post=1678"},{"taxonomy":"post_tag","embeddable":true,"href":"http:\/\/argentinamunicipal.com.ar\/argentina\/wp-json\/wp\/v2\/tags?post=1678"}],"curies":[{"name":"wp","href":"https:\/\/api.w.org\/{rel}","templated":true}]}}