{"id":16783,"date":"2014-10-20T08:00:11","date_gmt":"2014-10-20T11:00:11","guid":{"rendered":"http:\/\/argentinamunicipal.com.ar\/argentina\/?p=16783"},"modified":"2014-10-20T09:34:04","modified_gmt":"2014-10-20T12:34:04","slug":"los-pilotos-de-lufthansa-inician-la-octava-huelga-en-lo-que-va-del-ano","status":"publish","type":"post","link":"http:\/\/argentinamunicipal.com.ar\/argentina\/los-pilotos-de-lufthansa-inician-la-octava-huelga-en-lo-que-va-del-ano\/","title":{"rendered":"Los pilotos de Lufthansa inician la octava huelga en lo que va del a\u00f1o"},"content":{"rendered":"<p><a href=\"http:\/\/argentinamunicipal.com.ar\/argentina\/wp-content\/uploads\/2014\/10\/Lufthansa1.jpg\"><img loading=\"lazy\" decoding=\"async\" class=\"alignleft size-full wp-image-16784\" src=\"http:\/\/argentinamunicipal.com.ar\/argentina\/wp-content\/uploads\/2014\/10\/Lufthansa1.jpg\" alt=\"Lufthansa1\" width=\"419\" height=\"236\" srcset=\"http:\/\/argentinamunicipal.com.ar\/argentina\/wp-content\/uploads\/2014\/10\/Lufthansa1.jpg 419w, http:\/\/argentinamunicipal.com.ar\/argentina\/wp-content\/uploads\/2014\/10\/Lufthansa1-300x168.jpg 300w\" sizes=\"auto, (max-width: 419px) 100vw, 419px\" \/><\/a>El sindicato inform\u00f3 que todos los vuelos de pasajeros con aviones del tipo Airbus 320, Boeing 737 y Embraer se ver\u00e1n afectados por la medida de fuerza que se llevar\u00e1 a cabo a partir de las 13 (8, hora en Argentina) y concluir\u00e1 a las 23.59 (18.59) de ma\u00f1ana.<\/p>\n<p>La huelga de 35 horas es la octava de los pilotos de la aerol\u00ednea desde abril de este a\u00f1o y los pilotos demandan el derecho a retirarse anticipadamente a los 55 a\u00f1os de edad con 60 por ciento de sus salarios.<\/p>\n<p>Por el momento, Lufthansa permite el retiro anticipado a los 60 a\u00f1os de edad, y rechaz\u00f3 la demanda de sus empleados.<\/p>\n<p>El sindicato acus\u00f3 a Lufthansa de no asumir sus \u00abpropuestas de compromiso\u00bb y de obstruir la soluci\u00f3n de la disputa.<\/p>\n<p>El jueves, una huelga de pilotos de 12 horas de duraci\u00f3n en la aerol\u00ednea de bajo costo de Lufthansa, Germanwings, oblig\u00f3 a la cancelaci\u00f3n de unos 100 vuelos, lo que dej\u00f3 varados a cerca de 13.000 pasajeros.<\/p>\n<p>La huelga de 35 horas es la octava de los pilotos de la aerol\u00ednea desde abril de este a\u00f1o y los pilotos demandan el derecho a retirarse anticipadamente a los 55 a\u00f1os de edad con 60 por ciento de sus salarios<\/p>\n<p>Los pasajeros alemanes sufrieron una severa interrupci\u00f3n en el servicio de transporte en las \u00faltimas semanas porque los pilotos y los conductores de ferrocarril realizaron diversas medidas de fuerza.<\/p>\n<p>En Alemania el transporte nacional por tren sigue muy complicado debido a la huelga de 50 horas declarada por los conductores de ese servicio.<\/p>\n<p>Los conductores de trenes de pasajeros de la compa\u00f1\u00eda estatal alemana Deutsche Bahn pararon sus actividades a partir de las 2 (21, hora en Argentina) del s\u00e1bado, para exigir un alza salarial de 5 por ciento y la disminuci\u00f3n de la semana laboral a 37 horas.<\/p>\n<p>S\u00f3lo una tercera parte de los trenes alemanes est\u00e1n prestando servicio debido a la huelga, dijo la empresa Deutsche Bahn, citada por Xinhua.<\/p>\n<p>Millones de pasajeros de los trenes de larga distancia y regionales de la compa\u00f1\u00eda, as\u00ed como de los servicios S-Bahn en ciudades alemanas, resultaron afectados.<\/p>\n<h6>Fuente: T\u00e9lam<\/h6>\n","protected":false},"excerpt":{"rendered":"<p>El sindicato inform\u00f3 que todos los vuelos de pasajeros con aviones del tipo Airbus 320, Boeing 737 y Embraer se ver\u00e1n afectados por la medida de fuerza que se llevar\u00e1 a cabo a partir de las 13 (8, hora en Argentina) y concluir\u00e1 a las 23.59 (18.59) de ma\u00f1ana. La huelga de 35 horas es<\/p>\n","protected":false},"author":2,"featured_media":16784,"comment_status":"closed","ping_status":"closed","sticky":false,"template":"","format":"standard","meta":{"footnotes":""},"categories":[22],"tags":[57],"class_list":["post-16783","post","type-post","status-publish","format-standard","has-post-thumbnail","hentry","category-el-mundo","tag-el-mundo"],"_links":{"self":[{"href":"http:\/\/argentinamunicipal.com.ar\/argentina\/wp-json\/wp\/v2\/posts\/16783","targetHints":{"allow":["GET"]}}],"collection":[{"href":"http:\/\/argentinamunicipal.com.ar\/argentina\/wp-json\/wp\/v2\/posts"}],"about":[{"href":"http:\/\/argentinamunicipal.com.ar\/argentina\/wp-json\/wp\/v2\/types\/post"}],"author":[{"embeddable":true,"href":"http:\/\/argentinamunicipal.com.ar\/argentina\/wp-json\/wp\/v2\/users\/2"}],"replies":[{"embeddable":true,"href":"http:\/\/argentinamunicipal.com.ar\/argentina\/wp-json\/wp\/v2\/comments?post=16783"}],"version-history":[{"count":0,"href":"http:\/\/argentinamunicipal.com.ar\/argentina\/wp-json\/wp\/v2\/posts\/16783\/revisions"}],"wp:featuredmedia":[{"embeddable":true,"href":"http:\/\/argentinamunicipal.com.ar\/argentina\/wp-json\/wp\/v2\/media\/16784"}],"wp:attachment":[{"href":"http:\/\/argentinamunicipal.com.ar\/argentina\/wp-json\/wp\/v2\/media?parent=16783"}],"wp:term":[{"taxonomy":"category","embeddable":true,"href":"http:\/\/argentinamunicipal.com.ar\/argentina\/wp-json\/wp\/v2\/categories?post=16783"},{"taxonomy":"post_tag","embeddable":true,"href":"http:\/\/argentinamunicipal.com.ar\/argentina\/wp-json\/wp\/v2\/tags?post=16783"}],"curies":[{"name":"wp","href":"https:\/\/api.w.org\/{rel}","templated":true}]}}