{"id":16798,"date":"2014-10-20T09:08:31","date_gmt":"2014-10-20T12:08:31","guid":{"rendered":"http:\/\/argentinamunicipal.com.ar\/argentina\/?p=16798"},"modified":"2014-10-20T09:08:31","modified_gmt":"2014-10-20T12:08:31","slug":"santa-fe-pueblos-fumigados-se-movilizan","status":"publish","type":"post","link":"http:\/\/argentinamunicipal.com.ar\/argentina\/santa-fe-pueblos-fumigados-se-movilizan\/","title":{"rendered":"Santa Fe: Pueblos fumigados se movilizan"},"content":{"rendered":"<p><a href=\"http:\/\/argentinamunicipal.com.ar\/argentina\/wp-content\/uploads\/2014\/10\/fumigaciones-aereas.jpg\"><img loading=\"lazy\" decoding=\"async\" class=\"aligncenter size-full wp-image-16799\" src=\"http:\/\/argentinamunicipal.com.ar\/argentina\/wp-content\/uploads\/2014\/10\/fumigaciones-aereas.jpg\" alt=\"fumigaciones-aereas\" width=\"600\" height=\"337\" srcset=\"http:\/\/argentinamunicipal.com.ar\/argentina\/wp-content\/uploads\/2014\/10\/fumigaciones-aereas.jpg 600w, http:\/\/argentinamunicipal.com.ar\/argentina\/wp-content\/uploads\/2014\/10\/fumigaciones-aereas-300x168.jpg 300w\" sizes=\"auto, (max-width: 600px) 100vw, 600px\" \/><\/a><br \/>\nLa Multisectorial Paren de Fumigarnos &#8211; Santa Fe anunciaron que el jueves 23 de octubre se movilizan hacia la Casa de Gobierno y la Legislatura santafesina para demandar el cumplimiento de la ley y el respeto por la salud y la vida del pueblo santafesino y de sus bienes comunes.<\/p>\n<p>\u00abCercano al final del segundo periodo legislativo, el proyecto de ley m\u00e1s democr\u00e1tico y mejor fundamentado que haya transitado por la legislatura con el fin de actualizar la vieja ley 11.273\/95 que regula el uso de qu\u00edmicos agrarios, y que fuera ingresado en mayo del 2013 por el diputado Jos\u00e9 M. Tessa, sigue durmiendo en la C\u00e1mara de Diputados y apenas super\u00f3 la instancia de una comisi\u00f3n\u00bb, se\u00f1alaron en un comunicado.<\/p>\n<p>Seg\u00fan agregaron, miles de voluntades confluyeron en su redacci\u00f3n y lo enriquecieron m\u00e9dicos y cient\u00edficos de todo el mundo, sin v\u00ednculos con las empresas. Por tal motivo, a punto de fenecer un nuevo periodo ordinario, exigen al presidente de la C\u00e1mara de Diputados el env\u00edo inmediato al recinto para su tratamiento y votaci\u00f3n de esa demanda \u00abde los sobrevivientes de una verdadera guerra qu\u00edmica desatada sobre la poblaci\u00f3n m\u00e1s desguarnecida e indefensa, habitantes de las periferias y escuelas suburbanas y rurales\u00bb.<\/p>\n<p>Asimismo comparecen en la Casa de Gobierno a fin de exigir al gobernador el cumplimiento de las normas ya vigentes \u00abpara paliar el proceso de destrucci\u00f3n masiva en curso, demandando, entre otras medidas, la acreditaci\u00f3n del control realizado a las plantas de acopio, el cumplimiento de la prohibici\u00f3n de fumigar banquinas, mecanismos de control y seguimiento de bidones t\u00f3xicos que suelen terminar en r\u00edos, arroyos o convertidos en juguetes infantiles, cucharitas para helado o botellas pl\u00e1sticas y reclamando que, en uso de sus facultades, detenga la utilizaci\u00f3n de los t\u00f3xicos m\u00e1s potentes y antiguos, como el 2,4 D, con sus semillas resistentes asociadas, como proponen las multinacionales del agronegocio\u00bb.<\/p>\n<p>La concentraci\u00f3n ser\u00e1 a partir de las 12 en la Plaza 25 de Mayo frente a Casa de Gobierno y a las 14 marchar\u00e1n hacia la Legislatura santafecina, donde a partir de las 17 se desarrollar\u00e1 el acto central de esta movilizaci\u00f3n.<\/p>\n<p>\u00abEs urgente separar a la poblaci\u00f3n de las fumigaciones con agrotoxicos. Como m\u00ednimo deben ser 800 metros y 1000 metros para las escuelas rurales. Se deben prohibir las fumigaciones a\u00e9reas en todo el territorio santafecino\u00bb, finalizaron desde la Multisectorial Paren de Fumigarnos &#8211; Santa Fe.<\/p>\n<h6>Fuente: Sin Mordaza<\/h6>\n","protected":false},"excerpt":{"rendered":"<p>La Multisectorial Paren de Fumigarnos &#8211; Santa Fe anunciaron que el jueves 23 de octubre se movilizan hacia la Casa de Gobierno y la Legislatura santafesina para demandar el cumplimiento de la ley y el respeto por la salud y la vida del pueblo santafesino y de sus bienes comunes. \u00abCercano al final del segundo<\/p>\n","protected":false},"author":2,"featured_media":16799,"comment_status":"closed","ping_status":"closed","sticky":false,"template":"","format":"standard","meta":{"footnotes":""},"categories":[2],"tags":[10],"class_list":["post-16798","post","type-post","status-publish","format-standard","has-post-thumbnail","hentry","category-informe-municipal","tag-santa-fe"],"_links":{"self":[{"href":"http:\/\/argentinamunicipal.com.ar\/argentina\/wp-json\/wp\/v2\/posts\/16798","targetHints":{"allow":["GET"]}}],"collection":[{"href":"http:\/\/argentinamunicipal.com.ar\/argentina\/wp-json\/wp\/v2\/posts"}],"about":[{"href":"http:\/\/argentinamunicipal.com.ar\/argentina\/wp-json\/wp\/v2\/types\/post"}],"author":[{"embeddable":true,"href":"http:\/\/argentinamunicipal.com.ar\/argentina\/wp-json\/wp\/v2\/users\/2"}],"replies":[{"embeddable":true,"href":"http:\/\/argentinamunicipal.com.ar\/argentina\/wp-json\/wp\/v2\/comments?post=16798"}],"version-history":[{"count":0,"href":"http:\/\/argentinamunicipal.com.ar\/argentina\/wp-json\/wp\/v2\/posts\/16798\/revisions"}],"wp:featuredmedia":[{"embeddable":true,"href":"http:\/\/argentinamunicipal.com.ar\/argentina\/wp-json\/wp\/v2\/media\/16799"}],"wp:attachment":[{"href":"http:\/\/argentinamunicipal.com.ar\/argentina\/wp-json\/wp\/v2\/media?parent=16798"}],"wp:term":[{"taxonomy":"category","embeddable":true,"href":"http:\/\/argentinamunicipal.com.ar\/argentina\/wp-json\/wp\/v2\/categories?post=16798"},{"taxonomy":"post_tag","embeddable":true,"href":"http:\/\/argentinamunicipal.com.ar\/argentina\/wp-json\/wp\/v2\/tags?post=16798"}],"curies":[{"name":"wp","href":"https:\/\/api.w.org\/{rel}","templated":true}]}}