{"id":168,"date":"2014-01-30T00:11:45","date_gmt":"2014-01-30T03:11:45","guid":{"rendered":"http:\/\/municipales.org.ar\/argentina\/?p=168"},"modified":"2014-02-04T00:14:05","modified_gmt":"2014-02-04T03:14:05","slug":"municipales-de-concepcion-del-uruguay-reclamaron-al-intendente-mejoras-para-los-trabajadores","status":"publish","type":"post","link":"http:\/\/argentinamunicipal.com.ar\/argentina\/municipales-de-concepcion-del-uruguay-reclamaron-al-intendente-mejoras-para-los-trabajadores\/","title":{"rendered":"Municipales de Concepci\u00f3n del Uruguay reclamaron al Intendente mejoras para los trabajadores"},"content":{"rendered":"<p>El sindicato que nuclea a los municipales elev\u00f3 al Intendente un informe sobre el relevamiento que realiz\u00f3 para evaluar las condiciones laborales de los trabajadores en el centro c\u00edvico de la Municipalidad \u2022 Seg\u00fan el sindicato, del relevamiento \u201cse desprenden entre muchas falencias y que el mayor riesgo surge en las instalaciones el\u00e9ctricas del mismo\u201d<\/p>\n<p>\u201cOtro de los peligros mayores se concentra en el riesgo de incendio en los cuatro pisos y el subsuelo del edificio\u201d, se inform\u00f3.<\/p>\n<p>El titular del Sindicato de Empleados Municipales, Mario Barber\u00e1n, expres\u00f3 que la situaci\u00f3n \u201ces bastante preocupante\u201d y hace tres semanas que vienen advirtiendo sobre el tema.<\/p>\n<p>\u201cSi bien hubo intentos del Ejecutivo de solucionarlo, no lo ha hecho. Hay peligro de incendio, ya que no hay salida de emergencia, v\u00eda de escape, no hay hidrantes, y al contar con dos subsuelos si ocurriera una desgracia no s\u00f3lo se ver\u00eda perjudicado el edificio, sino tambi\u00e9n la gente que all\u00ed cumple su labor\u201d, manifest\u00f3.<\/p>\n<p>Barber\u00e1n indic\u00f3 a 03442 que hay poco di\u00e1logo con la Intendencia y sostuvo: \u201cTenemos toda la expectativa de que el pr\u00f3ximo martes 4 de febrero seamos recibidos\u201d.<\/p>\n<p>\u201cEsperamos poder plantear todos los puntos como lo salarial, higiene, seguridad laboral, carrera administrativa y servicio hacia la comunidad. Si no es as\u00ed, veremos los pasos a seguir\u201d, concluy\u00f3.<\/p>\n<pre>Fuente: APFDigital<\/pre>\n","protected":false},"excerpt":{"rendered":"<p>El sindicato que nuclea a los municipales elev\u00f3 al Intendente un informe sobre el relevamiento que realiz\u00f3 para evaluar las condiciones laborales de los trabajadores en el centro c\u00edvico de la Municipalidad \u2022 Seg\u00fan el sindicato, del relevamiento \u201cse desprenden entre muchas falencias y que el mayor riesgo surge en las instalaciones el\u00e9ctricas del mismo\u201d<\/p>\n","protected":false},"author":1,"featured_media":0,"comment_status":"closed","ping_status":"closed","sticky":false,"template":"","format":"standard","meta":{"footnotes":""},"categories":[7],"tags":[17],"class_list":["post-168","post","type-post","status-publish","format-standard","hentry","category-informe-sindical","tag-entre-rios"],"_links":{"self":[{"href":"http:\/\/argentinamunicipal.com.ar\/argentina\/wp-json\/wp\/v2\/posts\/168","targetHints":{"allow":["GET"]}}],"collection":[{"href":"http:\/\/argentinamunicipal.com.ar\/argentina\/wp-json\/wp\/v2\/posts"}],"about":[{"href":"http:\/\/argentinamunicipal.com.ar\/argentina\/wp-json\/wp\/v2\/types\/post"}],"author":[{"embeddable":true,"href":"http:\/\/argentinamunicipal.com.ar\/argentina\/wp-json\/wp\/v2\/users\/1"}],"replies":[{"embeddable":true,"href":"http:\/\/argentinamunicipal.com.ar\/argentina\/wp-json\/wp\/v2\/comments?post=168"}],"version-history":[{"count":0,"href":"http:\/\/argentinamunicipal.com.ar\/argentina\/wp-json\/wp\/v2\/posts\/168\/revisions"}],"wp:attachment":[{"href":"http:\/\/argentinamunicipal.com.ar\/argentina\/wp-json\/wp\/v2\/media?parent=168"}],"wp:term":[{"taxonomy":"category","embeddable":true,"href":"http:\/\/argentinamunicipal.com.ar\/argentina\/wp-json\/wp\/v2\/categories?post=168"},{"taxonomy":"post_tag","embeddable":true,"href":"http:\/\/argentinamunicipal.com.ar\/argentina\/wp-json\/wp\/v2\/tags?post=168"}],"curies":[{"name":"wp","href":"https:\/\/api.w.org\/{rel}","templated":true}]}}