{"id":16836,"date":"2014-10-21T08:29:53","date_gmt":"2014-10-21T11:29:53","guid":{"rendered":"http:\/\/argentinamunicipal.com.ar\/argentina\/?p=16836"},"modified":"2014-10-21T08:29:53","modified_gmt":"2014-10-21T11:29:53","slug":"parte-hacia-el-continente-el-primer-camion-con-envases-pet-desde-rio-grande","status":"publish","type":"post","link":"http:\/\/argentinamunicipal.com.ar\/argentina\/parte-hacia-el-continente-el-primer-camion-con-envases-pet-desde-rio-grande\/","title":{"rendered":"Parte hacia el continente el primer cami\u00f3n con envases PET desde R\u00edo Grande"},"content":{"rendered":"<p><a href=\"http:\/\/argentinamunicipal.com.ar\/argentina\/wp-content\/uploads\/2014\/10\/1413854620-600colazo_otros_pet_thumb_550.jpg\"><img loading=\"lazy\" decoding=\"async\" class=\"aligncenter size-full wp-image-16837\" src=\"http:\/\/argentinamunicipal.com.ar\/argentina\/wp-content\/uploads\/2014\/10\/1413854620-600colazo_otros_pet_thumb_550.jpg\" alt=\"1413854620-600colazo_otros_pet_thumb_550\" width=\"550\" height=\"412\" srcset=\"http:\/\/argentinamunicipal.com.ar\/argentina\/wp-content\/uploads\/2014\/10\/1413854620-600colazo_otros_pet_thumb_550.jpg 550w, http:\/\/argentinamunicipal.com.ar\/argentina\/wp-content\/uploads\/2014\/10\/1413854620-600colazo_otros_pet_thumb_550-300x224.jpg 300w\" sizes=\"auto, (max-width: 550px) 100vw, 550px\" \/><\/a><br \/>\nEn un trabajo mancomunado entre diversas instituciones tales como la Casa del Ni\u00f1o \u00abMadre Teresa de Calcuta\u00bb, la Fundaci\u00f3n \u00abTercer Milenio\u00bb, la empresa recicladora SYR y la comisi\u00f3n de turismo, ecolog\u00eda y medio ambiente del Concejo Deliberante a cargo de la Concejal Mar\u00eda Laura Colazo se logr\u00f3 recolectar 16 toneladas de envases que ser\u00e1n enviados a Buenos Aires para su reciclado.<\/p>\n<p>Al respecto, la Concejal Colazo expres\u00f3 que \u00abse trata de un logro important\u00edsimo para todos los vecinos que han colaborado a lo largo de muchos meses, y que saben que a trav\u00e9s de una peque\u00f1a acci\u00f3n como lo es llevar sus botellas a los puntos verdes pueden ayudar a cuidar el medio ambiente y a su vez, colaborar con la Casita del Ni\u00f1o, que en este caso ser\u00e1 la instituci\u00f3n que recibir\u00e1 los fondos obtenidos por el reciclado\u00bb.<\/p>\n<p>\u00abFueron cuatro a\u00f1os de intenso trabajo para este primer env\u00edo\u00bb puntualiz\u00f3 la edil, agregando que \u00abnuestra labor continua porque en tan solo seis meses resta muy poco para completar el segundo cami\u00f3n, lo cual indica que la colaboraci\u00f3n y la toma de conciencia de la comunidad riograndense va en aumento y deseamos lograr ese objetivo antes que termine el 2014\u00bb.<\/p>\n<p>Por su parte, Hugo Revora, titular de la Empresa SyR ubicada en el Parque Industrial, se\u00f1al\u00f3 que \u00abeste primer cami\u00f3n nos cost\u00f3 bastante poder llenarlo, pero finalmente lo hemos podido concretar, va a salir con 16 mil kilos, que es la capacidad que tiene el cami\u00f3n, mientras que el segundo cami\u00f3n est\u00e1 casi para salir, siendo la idea poder sacarlo antes de fin de a\u00f1o\u00bb.<\/p>\n<p>Asimismo agradeci\u00f3 a \u00abtoda la gente que colabor\u00f3, que trajo incansablemente envases, cost\u00f3 llenarlo, dado que arrancamos hace cuatro a\u00f1os, pero a pesar del estado de las calles la gente tra\u00eda igual botellas, ahora el sistema se hizo un poco m\u00e1s \u00e1gil\u00bb.<\/p>\n<p>Emocionada Silvia Chedrese cont\u00f3 que \u00abrealmente vali\u00f3 la pena esto de estar educando a la comunidad, lo que significa poder sacar el PET del relleno sanitario, y que la gente sepa que con estas acciones estamos cuidando el medio ambiente, y les estamos ense\u00f1ando solidaridad, porque todo este trabajo va a redundar en beneficio para que la Casa del Ni\u00f1o pueda seguir trabajando en esta comunidad, que ya hemos cumplido 14 a\u00f1os de vida, de much\u00edsimo trabajo, con responsabilidad y compromiso, as\u00ed que es una manera de decirle gracias a todos, y a Laura y su gente, porque sino hubiese sido por ella, creo que no hubi\u00e9ramos llegado a este primer cami\u00f3n que hoy se va a Buenos Aires\u00bb.<\/p>\n<p>Por \u00faltimo, Chedrese afirm\u00f3 que \u00abtenemos que ser consientes que entre todos podemos lograr un futuro para que nuestros chicos vivan en un planeta mejor\u00bb.<\/p>\n<h6>Fuente: Sur 54.com<\/h6>\n","protected":false},"excerpt":{"rendered":"<p>En un trabajo mancomunado entre diversas instituciones tales como la Casa del Ni\u00f1o \u00abMadre Teresa de Calcuta\u00bb, la Fundaci\u00f3n \u00abTercer Milenio\u00bb, la empresa recicladora SYR y la comisi\u00f3n de turismo, ecolog\u00eda y medio ambiente del Concejo Deliberante a cargo de la Concejal Mar\u00eda Laura Colazo se logr\u00f3 recolectar 16 toneladas de envases que ser\u00e1n enviados<\/p>\n","protected":false},"author":2,"featured_media":16837,"comment_status":"closed","ping_status":"closed","sticky":false,"template":"","format":"standard","meta":{"footnotes":""},"categories":[2],"tags":[34],"class_list":["post-16836","post","type-post","status-publish","format-standard","has-post-thumbnail","hentry","category-informe-municipal","tag-tierra-del-fuego"],"_links":{"self":[{"href":"http:\/\/argentinamunicipal.com.ar\/argentina\/wp-json\/wp\/v2\/posts\/16836","targetHints":{"allow":["GET"]}}],"collection":[{"href":"http:\/\/argentinamunicipal.com.ar\/argentina\/wp-json\/wp\/v2\/posts"}],"about":[{"href":"http:\/\/argentinamunicipal.com.ar\/argentina\/wp-json\/wp\/v2\/types\/post"}],"author":[{"embeddable":true,"href":"http:\/\/argentinamunicipal.com.ar\/argentina\/wp-json\/wp\/v2\/users\/2"}],"replies":[{"embeddable":true,"href":"http:\/\/argentinamunicipal.com.ar\/argentina\/wp-json\/wp\/v2\/comments?post=16836"}],"version-history":[{"count":0,"href":"http:\/\/argentinamunicipal.com.ar\/argentina\/wp-json\/wp\/v2\/posts\/16836\/revisions"}],"wp:featuredmedia":[{"embeddable":true,"href":"http:\/\/argentinamunicipal.com.ar\/argentina\/wp-json\/wp\/v2\/media\/16837"}],"wp:attachment":[{"href":"http:\/\/argentinamunicipal.com.ar\/argentina\/wp-json\/wp\/v2\/media?parent=16836"}],"wp:term":[{"taxonomy":"category","embeddable":true,"href":"http:\/\/argentinamunicipal.com.ar\/argentina\/wp-json\/wp\/v2\/categories?post=16836"},{"taxonomy":"post_tag","embeddable":true,"href":"http:\/\/argentinamunicipal.com.ar\/argentina\/wp-json\/wp\/v2\/tags?post=16836"}],"curies":[{"name":"wp","href":"https:\/\/api.w.org\/{rel}","templated":true}]}}