{"id":1684,"date":"2014-02-20T14:41:43","date_gmt":"2014-02-20T17:41:43","guid":{"rendered":"http:\/\/argentinamunicipal.com.ar\/argentina\/?p=1684"},"modified":"2014-02-20T14:41:43","modified_gmt":"2014-02-20T17:41:43","slug":"rio-grande-esperan-cerrar-un-acuerdo-salarial-el-viernes","status":"publish","type":"post","link":"http:\/\/argentinamunicipal.com.ar\/argentina\/rio-grande-esperan-cerrar-un-acuerdo-salarial-el-viernes\/","title":{"rendered":"R\u00edo Grande:  esperan cerrar un acuerdo salarial el viernes"},"content":{"rendered":"<p><a href=\"http:\/\/argentinamunicipal.com.ar\/argentina\/wp-content\/uploads\/2014\/02\/1276871174-600ate_bombo_thumb_550.jpg\"><img loading=\"lazy\" decoding=\"async\" class=\"alignleft  wp-image-1685\" alt=\"1276871174-600ate_bombo_thumb_550\" src=\"http:\/\/argentinamunicipal.com.ar\/argentina\/wp-content\/uploads\/2014\/02\/1276871174-600ate_bombo_thumb_550.jpg\" width=\"330\" height=\"241\" srcset=\"http:\/\/argentinamunicipal.com.ar\/argentina\/wp-content\/uploads\/2014\/02\/1276871174-600ate_bombo_thumb_550.jpg 550w, http:\/\/argentinamunicipal.com.ar\/argentina\/wp-content\/uploads\/2014\/02\/1276871174-600ate_bombo_thumb_550-300x219.jpg 300w\" sizes=\"auto, (max-width: 330px) 100vw, 330px\" \/><\/a>Desde la dirigencia de ATE adelantaron que esperan tener una resoluci\u00f3n en cuanto a la pauta salarial para los trabajadores del Municipio de R\u00edo Grande. Remarcaron que la negociaci\u00f3n es semestral y que no se aceptar\u00e1 nada menor al 15%. Destacaron la presencia del intendente Melella en las negociaciones.<\/p>\n<p>El dirigente Felipe Concha coment\u00f3 esta ma\u00f1ana que \u201cten\u00edamos una reuni\u00f3n con el secretario de finanzas y nos estamos poniendo en acuerdo porque creo que el ofrecimiento que se hizo al sindicato no es suficiente, nosotros creemos que se puede mejorar\u201d.<\/p>\n<p>\u201cPed\u00edamos una reuni\u00f3n con el intendente y bueno por suerte hemos tenido ayer a \u00faltima hora la reuni\u00f3n, una reuni\u00f3n muy importante donde hablamos del aumento salarial y estamos pasando a un cuarto intermedio hasta el viernes a ver si llegamos a un acuerdo\u201d, detall\u00f3 esta ma\u00f1ana en declaraciones a Radio Del Pueblo.<\/p>\n<p>Consultado sobre la oferta del municipio, Concha mencion\u00f3 que \u201cfue muy bajo, no superaba ni el 9% de aumento. Nosotros quer\u00edamos que el intendente est\u00e9 en la negociaci\u00f3n para ver si lo pod\u00edamos mejorar. Ayer se dio la reuni\u00f3n con el intendente y creo que el viernes vamos a llegar a un acuerdo y ojal\u00e1 Dios quiera el viernes estemos por cerrar el aumento\u201d.<\/p>\n<p>Remarc\u00f3 que \u201cla inflaci\u00f3n fue muy alta, creo que a nivel provincial nosotros estamos discutiendo aumentos salariales hasta junio porque no sabemos si la inflaci\u00f3n va a seguir apretando a todos as\u00ed que esa es la charla que hemos tenido\u201d.<\/p>\n<p>Detall\u00f3 que \u201csi la inflaci\u00f3n fue de un 30% anual, no se puede discutir en un a\u00f1o la discusi\u00f3n de un 30% para abajo, eso hemos planteado nosotros\u201d.<\/p>\n<p>Sobre el encuentro con el intendente mencion\u00f3 que \u201cfue importante, donde acordamos y el intendente dio una directiva a d\u00f3nde se van a parar ellos a discutir\u201d e insisti\u00f3 que espera que \u201cel viernes sea una reuni\u00f3n ya definitoria donde los empleados municipales van a tener en claro de cu\u00e1nto es el aumento salarial\u201d.<\/p>\n<h6>Fuente: Sur 54<\/h6>\n","protected":false},"excerpt":{"rendered":"<p>Desde la dirigencia de ATE adelantaron que esperan tener una resoluci\u00f3n en cuanto a la pauta salarial para los trabajadores del Municipio de R\u00edo Grande. Remarcaron que la negociaci\u00f3n es semestral y que no se aceptar\u00e1 nada menor al 15%. Destacaron la presencia del intendente Melella en las negociaciones. El dirigente Felipe Concha coment\u00f3 esta<\/p>\n","protected":false},"author":2,"featured_media":1685,"comment_status":"closed","ping_status":"closed","sticky":false,"template":"","format":"standard","meta":{"footnotes":""},"categories":[7],"tags":[34],"class_list":["post-1684","post","type-post","status-publish","format-standard","has-post-thumbnail","hentry","category-informe-sindical","tag-tierra-del-fuego"],"_links":{"self":[{"href":"http:\/\/argentinamunicipal.com.ar\/argentina\/wp-json\/wp\/v2\/posts\/1684","targetHints":{"allow":["GET"]}}],"collection":[{"href":"http:\/\/argentinamunicipal.com.ar\/argentina\/wp-json\/wp\/v2\/posts"}],"about":[{"href":"http:\/\/argentinamunicipal.com.ar\/argentina\/wp-json\/wp\/v2\/types\/post"}],"author":[{"embeddable":true,"href":"http:\/\/argentinamunicipal.com.ar\/argentina\/wp-json\/wp\/v2\/users\/2"}],"replies":[{"embeddable":true,"href":"http:\/\/argentinamunicipal.com.ar\/argentina\/wp-json\/wp\/v2\/comments?post=1684"}],"version-history":[{"count":0,"href":"http:\/\/argentinamunicipal.com.ar\/argentina\/wp-json\/wp\/v2\/posts\/1684\/revisions"}],"wp:featuredmedia":[{"embeddable":true,"href":"http:\/\/argentinamunicipal.com.ar\/argentina\/wp-json\/wp\/v2\/media\/1685"}],"wp:attachment":[{"href":"http:\/\/argentinamunicipal.com.ar\/argentina\/wp-json\/wp\/v2\/media?parent=1684"}],"wp:term":[{"taxonomy":"category","embeddable":true,"href":"http:\/\/argentinamunicipal.com.ar\/argentina\/wp-json\/wp\/v2\/categories?post=1684"},{"taxonomy":"post_tag","embeddable":true,"href":"http:\/\/argentinamunicipal.com.ar\/argentina\/wp-json\/wp\/v2\/tags?post=1684"}],"curies":[{"name":"wp","href":"https:\/\/api.w.org\/{rel}","templated":true}]}}