{"id":16892,"date":"2014-10-21T09:58:29","date_gmt":"2014-10-21T12:58:29","guid":{"rendered":"http:\/\/argentinamunicipal.com.ar\/argentina\/?p=16892"},"modified":"2015-04-28T16:17:05","modified_gmt":"2015-04-28T19:17:05","slug":"destacan-rosario-como-ciudad-pionera-en-transporte-sustentable","status":"publish","type":"post","link":"http:\/\/argentinamunicipal.com.ar\/argentina\/destacan-rosario-como-ciudad-pionera-en-transporte-sustentable\/","title":{"rendered":"Destacan a Rosario como ciudad pionera en transporte sustentable"},"content":{"rendered":"<p><a href=\"http:\/\/argentinamunicipal.com.ar\/argentina\/wp-content\/uploads\/2014\/10\/10_21_C601.jpg_88717827.jpg\"><img loading=\"lazy\" decoding=\"async\" class=\"aligncenter size-full wp-image-16893\" src=\"http:\/\/argentinamunicipal.com.ar\/argentina\/wp-content\/uploads\/2014\/10\/10_21_C601.jpg_88717827.jpg\" alt=\"10_21_C601.jpg_88717827\" width=\"621\" height=\"465\" srcset=\"http:\/\/argentinamunicipal.com.ar\/argentina\/wp-content\/uploads\/2014\/10\/10_21_C601.jpg_88717827.jpg 621w, http:\/\/argentinamunicipal.com.ar\/argentina\/wp-content\/uploads\/2014\/10\/10_21_C601.jpg_88717827-300x224.jpg 300w\" sizes=\"auto, (max-width: 621px) 100vw, 621px\" \/><\/a><br \/>\nComenz\u00f3 un congreso latinoamericano sobre el tema. Adem\u00e1s, el municipio elevar\u00e1 a fin de mes al Concejo el pliego del nuevo sistema.<\/p>\n<p>En el marco de la apertura del Congreso Latinoamericano de Transporte P\u00fablico y Urbano (Clatpu), que se lleva adelante en esta ciudad hasta el viernes pr\u00f3ximo, la titular del Ente de la Movilidad de Rosario, M\u00f3nica Alvarado, afirm\u00f3 que el Centro de Monitoreo \u00abes considerado un modelo en el pa\u00eds y Latinoam\u00e9rica, donde Rosario es pionera e innovadora en transporte sustentable\u00bb. La funcionaria record\u00f3 que el pr\u00f3ximo 31 de octubre se remitir\u00e1n los nuevos pliegos del sistema urbano de colectivos al Concejo Municipal.<\/p>\n<p>Los actos protocolares se produjeron ayer por la ma\u00f1ana en los salones de Metropolitano en Alto Rosario Shopping. All\u00ed, el secretario de Transporte de la Naci\u00f3n, Alejandro Ramos; la intendenta M\u00f3nica Fein; el senador provincial Miguel Lifschitz y la secretaria de Servicios P\u00fablicos, Clara Garc\u00eda, le dieron el puntapi\u00e9 inicial al congreso latinoamericano que congrega a diez pa\u00edses del continente para analizar las pol\u00edticas de transporte sustentable.<\/p>\n<p>\u00abRosario se ha posicionado a nivel nacional e internacional como una ciudad con visi\u00f3n de cambio, con decisi\u00f3n pol\u00edtica y con proyectos sustentables e inclusivos\u00bb, sostuvo Fein en un tramo de su discurso inaugural.<\/p>\n<p>La XVIII edici\u00f3n de Clatpu tiene 400 asistentes y 150 expositores, entre autoridades, acad\u00e9micos, t\u00e9cnicos y profesionales. Habr\u00e1 sesiones especiales y mesas de disertaciones con representantes de ciudades argentinas y de pa\u00edses como Brasil, Colombia, Venezuela, M\u00e9xico, Per\u00fa, Uruguay, Chile, Bolivia, Cuba y Costa Rica.<\/p>\n<p>Tras repasar el Pacto de la Movilidad y su consecuente Plan de Movilidad, Fein se detuvo en la creaci\u00f3n de la Semtur, que \u00abante la situaci\u00f3n econ\u00f3mica imperante en el inicio de la d\u00e9cada pasada y la quiebra de muchas empresas prestatarias del servicio, el Estado municipal garantiz\u00f3 el acceso a los lugares de trabajo y estudio de miles de vecinos\u00bb.<\/p>\n<p>En di\u00e1logo con LaCapital, Alvarado no dud\u00f3 en ubicar a Rosario como pionera en Latinoam\u00e9rica en planificaci\u00f3n de la movilidad y las pol\u00edticas de transporte sustentable. \u00abQuienes gestionamos el sistema p\u00fablico tenemos la claridad de trabajar d\u00eda a d\u00eda en cada barrio mejorando el sistema de transporte con la visi\u00f3n de modificar y construir una movilidad mas sustentable\u00bb, indic\u00f3 la directora del EMR y advirti\u00f3 que para el 2050 las dos terceras partes de la poblaci\u00f3n mundial vivir\u00e1 en ciudades. \u00abEl gran desaf\u00edo a futuro es generar pol\u00edticas de Estado para saber c\u00f3mo nos moveremos en esas metr\u00f3polis\u00bb, apunt\u00f3.<\/p>\n<p>El viernes pr\u00f3ximo los asistentes al congreso podr\u00e1n visitar lo que es \u00abmodelo en el pa\u00eds y el continente\u00bb en materia de transporte. Para ese d\u00eda se prev\u00e9n las visitas t\u00e9cnicas al Centro de Monitoreo de la Movilidad, el Centro de Operaciones de la l\u00ednea K, y la Empresa Mixta de Transporte de Rosario, entre otros.<\/p>\n<p><strong>Pliegos<\/strong>. Tras recorrer los seis distritos y concertar asambleas ciudadanas con el anteproyecto del nuevo sistema de transporte, Alvarado record\u00f3 que este 31 de octubre los pliegos para el nuevo llamado a licitaci\u00f3n del servicio de colectivos llegar\u00e1n al Concejo Municipal para su an\u00e1lisis, lo que sin dudas disparar\u00e1 \u00e1lgidos debates entre los bloques.<\/p>\n<p>\u00abTras un proceso in\u00e9dito de participaci\u00f3n ciudadana enviaremos los pliegos para que una vez aprobados por los concejales podamos licitar. La idea es en el primer semestre de 2015\u00bb, record\u00f3 la funcionaria.<\/p>\n<p><strong>Aclaran qu\u00e9 hace La Mixta en un club<\/strong><\/p>\n<p>La concejala Daniela Le\u00f3n explic\u00f3 ayer que el colectivo de La Mixta que fue visto el domingo en el Jockey Club, donde se est\u00e1 desarrollando el Torneo Panamericano de Tiro con Arco, fue solicitado para trasladar a 15 deportistas en sillas de rueda. La solicitud la hab\u00eda hecho la Federaci\u00f3n Argentina de Tiro con Arco y la subcomisi\u00f3n de Arquer\u00edas del Club F\u00e1brica de Armas. Ella viabiliz\u00f3 el pedido a trav\u00e9s del Fondo de Responsabilidad Social Empresaria que tiene la firma.<\/p>\n<h6>Fuente: La Capital, Rosario<\/h6>\n","protected":false},"excerpt":{"rendered":"<p>Comenz\u00f3 un congreso latinoamericano sobre el tema. Adem\u00e1s, el municipio elevar\u00e1 a fin de mes al Concejo el pliego del nuevo sistema. En el marco de la apertura del Congreso Latinoamericano de Transporte P\u00fablico y Urbano (Clatpu), que se lleva adelante en esta ciudad hasta el viernes pr\u00f3ximo, la titular del Ente de la Movilidad<\/p>\n","protected":false},"author":2,"featured_media":16893,"comment_status":"closed","ping_status":"closed","sticky":false,"template":"","format":"standard","meta":{"footnotes":""},"categories":[2],"tags":[10],"class_list":["post-16892","post","type-post","status-publish","format-standard","has-post-thumbnail","hentry","category-informe-municipal","tag-santa-fe"],"_links":{"self":[{"href":"http:\/\/argentinamunicipal.com.ar\/argentina\/wp-json\/wp\/v2\/posts\/16892","targetHints":{"allow":["GET"]}}],"collection":[{"href":"http:\/\/argentinamunicipal.com.ar\/argentina\/wp-json\/wp\/v2\/posts"}],"about":[{"href":"http:\/\/argentinamunicipal.com.ar\/argentina\/wp-json\/wp\/v2\/types\/post"}],"author":[{"embeddable":true,"href":"http:\/\/argentinamunicipal.com.ar\/argentina\/wp-json\/wp\/v2\/users\/2"}],"replies":[{"embeddable":true,"href":"http:\/\/argentinamunicipal.com.ar\/argentina\/wp-json\/wp\/v2\/comments?post=16892"}],"version-history":[{"count":0,"href":"http:\/\/argentinamunicipal.com.ar\/argentina\/wp-json\/wp\/v2\/posts\/16892\/revisions"}],"wp:featuredmedia":[{"embeddable":true,"href":"http:\/\/argentinamunicipal.com.ar\/argentina\/wp-json\/wp\/v2\/media\/16893"}],"wp:attachment":[{"href":"http:\/\/argentinamunicipal.com.ar\/argentina\/wp-json\/wp\/v2\/media?parent=16892"}],"wp:term":[{"taxonomy":"category","embeddable":true,"href":"http:\/\/argentinamunicipal.com.ar\/argentina\/wp-json\/wp\/v2\/categories?post=16892"},{"taxonomy":"post_tag","embeddable":true,"href":"http:\/\/argentinamunicipal.com.ar\/argentina\/wp-json\/wp\/v2\/tags?post=16892"}],"curies":[{"name":"wp","href":"https:\/\/api.w.org\/{rel}","templated":true}]}}