{"id":16942,"date":"2014-10-22T08:40:15","date_gmt":"2014-10-22T11:40:15","guid":{"rendered":"http:\/\/argentinamunicipal.com.ar\/argentina\/?p=16942"},"modified":"2014-10-22T08:40:15","modified_gmt":"2014-10-22T11:40:15","slug":"concordia-inauguraron-primer-centro-de-convenciones-en-la-provincia-con-capacidad-para-1200-personas","status":"publish","type":"post","link":"http:\/\/argentinamunicipal.com.ar\/argentina\/concordia-inauguraron-primer-centro-de-convenciones-en-la-provincia-con-capacidad-para-1200-personas\/","title":{"rendered":"Concordia: inauguraron primer centro de convenciones en la provincia con capacidad para 1200 personas"},"content":{"rendered":"<p><a href=\"http:\/\/argentinamunicipal.com.ar\/argentina\/wp-content\/uploads\/2014\/10\/e_1413941583.jpg\"><img loading=\"lazy\" decoding=\"async\" class=\"alignleft size-full wp-image-16943\" src=\"http:\/\/argentinamunicipal.com.ar\/argentina\/wp-content\/uploads\/2014\/10\/e_1413941583.jpg\" alt=\"e_1413941583\" width=\"432\" height=\"324\" srcset=\"http:\/\/argentinamunicipal.com.ar\/argentina\/wp-content\/uploads\/2014\/10\/e_1413941583.jpg 432w, http:\/\/argentinamunicipal.com.ar\/argentina\/wp-content\/uploads\/2014\/10\/e_1413941583-300x225.jpg 300w\" sizes=\"auto, (max-width: 432px) 100vw, 432px\" \/><\/a>El gobernador Sergio Urribarri y el ministro de Turismo, Enrique Meyer, dejaron inaugurado hoy un centro de convenciones en Concordia que \u201cdemand\u00f3 al gobierno provincial una inversi\u00f3n cercana a los 50 millones de pesos\u201d.<\/p>\n<p>\u00abEsta obra se va a convertir en un \u00edcono en Concordia e inteligentemente se preserv\u00f3 la querida Estaci\u00f3n Norte para que puedan representarse con este hermoso edificio\u00bb, dijo el mandatario entrerriano.<\/p>\n<p>Junto al intendente de Concordia, Gustavo Bordet, el gobernador entrerriano presidi\u00f3 la ceremonia de inauguraci\u00f3n del centro de convenciones, el cual cuenta con tres salas principales para diferentes actividades y una capacidad para 1.200 personas. La inversi\u00f3n realizada por la Comisi\u00f3n Administradora para el Fondo Especial de Salto Grande (Cafesg) en la obra emplazada en la Ex Estaci\u00f3n Norte \u201csuper\u00f3 los 50 millones de pesos\u201d.<\/p>\n<p>\u00abLa realidad da cuenta de lo que estamos viviendo esta noche. Una noche so\u00f1ada, un momento hist\u00f3rico\u00bb subray\u00f3 el mandatario entrerriano.<br \/>\n\u00abPocas ciudades de la Argentina y de Latinoam\u00e9rica tienen esta posibilidad de generar turismo de convenciones\u00bb indic\u00f3 Urribarri. \u00abEste ejemplo, como todas las obras que hemos llevado adelante en Entre R\u00edos es resultado de la cooperaci\u00f3n del gobierno Nacional, provincial, municipal y del sector privado\u00bb, afirm\u00f3 y precis\u00f3 que \u00abeste edificio es el resultado de la cooperaci\u00f3n. Nadie dijo vamos a dibujar, vamos a proyectar como se nos antoja, hubo consultas previas\u00bb.<\/p>\n<p>El ministro de Turismo de la Naci\u00f3n, Enrique Mayer dijo al hacer uso de la palabra que \u00abseguimos trabajando de forma activa y coordinada con el sector privado y que 12 ciudades del pa\u00eds est\u00e9n entre las trescientas m\u00e1s importantes en materia de turismo de reuniones es algo que nos alienta en esta tarea\u00bb.<\/p>\n<p>\u00abAl Se\u00f1or gobernador felicitaciones por el impulso que le da a la provincia de Entre R\u00edos. Es un aliento y un apoyo muy importante para el Ministerio en la tarea coordinada\u00bb, finaliz\u00f3.<\/p>\n<p>El presidente de la Asociaci\u00f3n Internacional de Congresos y Convenciones, Armando Nardote, dijo que como representante de la entidad que preside, \u00abes una placer estar inaugurando esta maravillosa obra\u00bb.<\/p>\n<p>Explic\u00f3 que de los 93 pa\u00edses donde est\u00e1n presentes y de las 380 ciudades \u00abdonde tenemos socios, estuvimos hablando de esto justamente de esta inauguraci\u00f3n que tiene para nosotros justamente un gran significado dentro de la Republica Argentina. Este negocio hoy es el 22 por ciento de total de lo que genera el turismo a nivel mundial. Hay un impacto econ\u00f3mico cercano de 1500 millones de d\u00f3lares de la industria de reuniones y eventos. Esto es adem\u00e1s el causal de muchos desarrollos sociales de los argentinos, creaci\u00f3n de conocimientos\u00bb.<\/p>\n<p>Agreg\u00f3 que \u00abcrear un centro de convenciones se ha convertido parte fundamental de las grandes ciudades, de los grandes destinos por una raz\u00f3n muy clara, son generadores de nuevos empleaos, llamador de inversiones, creaci\u00f3n de mucho conocimiento y adem\u00e1s de alinear las reuniones que se puedan realizar en destino\u00bb.<\/p>\n<p>\u00abHoy la Rep\u00fablica Argentina es l\u00edder en este sector, a marcado en los \u00faltimos seis a\u00f1os un ascenso, muy r\u00e1pido, con un protagonismo excelente y nivel profesional\u00bb, apunt\u00f3 tras agregar que \u00abArgentina es ejemplo y Buenos Aires es el primer destino de las Am\u00e9rica, desde Canad\u00e1 a Tierra del Fuego, es un gran ejemplo a nivel internacional\u00bb.<\/p>\n<p>Al hacer uso de la palabra, el presidente municipal expres\u00f3 que \u00abla obra del Centro de Convenciones fue perfectamente planificada en su gesti\u00f3n, cuando el gobernador Sergio Urribarri me convoc\u00f3 para empezar a armar desde los cimientos este centro que tiene como caracter\u00edstica fundamental posicionar a la provincia de Entre R\u00edos, y en particular a la ciudad de Concordia y nuestra regi\u00f3n, en la vanguardia el turismo de convenciones y de negocios\u00bb.<\/p>\n<p>\u00abPara esto hemos trabajado como lo hemos hecho siempre en materia tur\u00edstica acompa\u00f1ados del sector privado. Trabajando en conjunto, trabajando y generando confianza, lazos s\u00f3lidos que puedan darle sustentabilidad a este Centro de Convenciones\u00bb, destac\u00f3.<\/p>\n<h3>La obra<\/h3>\n<p>El Centro de Convenciones es un edificio de planta rectangular que se articula con la vieja estaci\u00f3n Concordia Norte, conformando una plaza central. Cuenta con tres salas principales para diferentes usos y actividades.<\/p>\n<p>En tanto, rodeando este espacio central \u2013y en forma de anillo\u2013 se ubican en planta baja los sanitarios, salas de servicios y locales de apoyo. La planta alta est\u00e1 cuenta con una sala de reuniones y oficinas, proyectadas de forma flexible.<\/p>\n<p>Por sus dimensiones y su versatilidad ofrecer\u00e1 la posibilidad de sesionar, a la vez, en tres salas distintas de 6 metros de altura, albergando \u2013por ejemplo\u2013 a 300, 600 \u00f3 1100 personas. Pero estas tres salas tambi\u00e9n podr\u00e1n unificarse de acuerdo a diferentes usos y actividades.<\/p>\n<h6>Fuente: El Once<\/h6>\n","protected":false},"excerpt":{"rendered":"<p>El gobernador Sergio Urribarri y el ministro de Turismo, Enrique Meyer, dejaron inaugurado hoy un centro de convenciones en Concordia que \u201cdemand\u00f3 al gobierno provincial una inversi\u00f3n cercana a los 50 millones de pesos\u201d. \u00abEsta obra se va a convertir en un \u00edcono en Concordia e inteligentemente se preserv\u00f3 la querida Estaci\u00f3n Norte para que<\/p>\n","protected":false},"author":2,"featured_media":16943,"comment_status":"closed","ping_status":"closed","sticky":false,"template":"","format":"standard","meta":{"footnotes":""},"categories":[2],"tags":[17],"class_list":["post-16942","post","type-post","status-publish","format-standard","has-post-thumbnail","hentry","category-informe-municipal","tag-entre-rios"],"_links":{"self":[{"href":"http:\/\/argentinamunicipal.com.ar\/argentina\/wp-json\/wp\/v2\/posts\/16942","targetHints":{"allow":["GET"]}}],"collection":[{"href":"http:\/\/argentinamunicipal.com.ar\/argentina\/wp-json\/wp\/v2\/posts"}],"about":[{"href":"http:\/\/argentinamunicipal.com.ar\/argentina\/wp-json\/wp\/v2\/types\/post"}],"author":[{"embeddable":true,"href":"http:\/\/argentinamunicipal.com.ar\/argentina\/wp-json\/wp\/v2\/users\/2"}],"replies":[{"embeddable":true,"href":"http:\/\/argentinamunicipal.com.ar\/argentina\/wp-json\/wp\/v2\/comments?post=16942"}],"version-history":[{"count":0,"href":"http:\/\/argentinamunicipal.com.ar\/argentina\/wp-json\/wp\/v2\/posts\/16942\/revisions"}],"wp:featuredmedia":[{"embeddable":true,"href":"http:\/\/argentinamunicipal.com.ar\/argentina\/wp-json\/wp\/v2\/media\/16943"}],"wp:attachment":[{"href":"http:\/\/argentinamunicipal.com.ar\/argentina\/wp-json\/wp\/v2\/media?parent=16942"}],"wp:term":[{"taxonomy":"category","embeddable":true,"href":"http:\/\/argentinamunicipal.com.ar\/argentina\/wp-json\/wp\/v2\/categories?post=16942"},{"taxonomy":"post_tag","embeddable":true,"href":"http:\/\/argentinamunicipal.com.ar\/argentina\/wp-json\/wp\/v2\/tags?post=16942"}],"curies":[{"name":"wp","href":"https:\/\/api.w.org\/{rel}","templated":true}]}}