{"id":16948,"date":"2014-10-22T08:53:40","date_gmt":"2014-10-22T11:53:40","guid":{"rendered":"http:\/\/argentinamunicipal.com.ar\/argentina\/?p=16948"},"modified":"2014-10-22T08:53:40","modified_gmt":"2014-10-22T11:53:40","slug":"en-washington-preferirian-una-victoria-de-neves","status":"publish","type":"post","link":"http:\/\/argentinamunicipal.com.ar\/argentina\/en-washington-preferirian-una-victoria-de-neves\/","title":{"rendered":"En Washington preferir\u00edan una victoria de Neves"},"content":{"rendered":"<p><a href=\"http:\/\/argentinamunicipal.com.ar\/argentina\/wp-content\/uploads\/2014\/10\/brasil-elecciones-e-680x365.jpg\"><img loading=\"lazy\" decoding=\"async\" class=\"aligncenter size-full wp-image-16949\" src=\"http:\/\/argentinamunicipal.com.ar\/argentina\/wp-content\/uploads\/2014\/10\/brasil-elecciones-e-680x365.jpg\" alt=\"brasil-elecciones-e-680x365\" width=\"680\" height=\"365\" srcset=\"http:\/\/argentinamunicipal.com.ar\/argentina\/wp-content\/uploads\/2014\/10\/brasil-elecciones-e-680x365.jpg 680w, http:\/\/argentinamunicipal.com.ar\/argentina\/wp-content\/uploads\/2014\/10\/brasil-elecciones-e-680x365-300x161.jpg 300w\" sizes=\"auto, (max-width: 680px) 100vw, 680px\" \/><\/a><br \/>\nC\u00edrculos de poder en EE.UU. tienen \u201ccierto favoritismo\u201d por el candidato opositor brasile\u00f1o, admiti\u00f3 experto en San Pablo.<\/p>\n<p>La preferencia norteamericana fue apuntada por el titular em\u00e9rito del centro de estudios estadounidense Di\u00e1logo Interamericano, Peter Hakim.<\/p>\n<p>\u201cA\u00e9cio tiene cierto favoritismo en Estados Unidos, pero s\u00e9 que Estados Unidos no ve un cambio inmediato enorme en caso de que el opositor derrote el domingo a la presidenta Dilma Rousseff en la segunda vuelta electoral\u201d, dijo Hakim.<\/p>\n<p>El acad\u00e9mico especializado en Brasil revel\u00f3 que escuch\u00f3 de un funcionario del Departamento de Estado norteamericano la palabra \u201cadversarios\u201d para referirse al gobierno brasile\u00f1o, luego de la crisis abierta por el espionaje estadounidense contra la presidenta Rousseff y de la estatal Petrobras, denunciados por el exanalista de la CIA Edward Snowden, hoy refugiado en Mosc\u00fa.<\/p>\n<h6>Fuente: La Voz del Interior<\/h6>\n","protected":false},"excerpt":{"rendered":"<p>C\u00edrculos de poder en EE.UU. tienen \u201ccierto favoritismo\u201d por el candidato opositor brasile\u00f1o, admiti\u00f3 experto en San Pablo. La preferencia norteamericana fue apuntada por el titular em\u00e9rito del centro de estudios estadounidense Di\u00e1logo Interamericano, Peter Hakim. \u201cA\u00e9cio tiene cierto favoritismo en Estados Unidos, pero s\u00e9 que Estados Unidos no ve un cambio inmediato enorme en<\/p>\n","protected":false},"author":2,"featured_media":16949,"comment_status":"closed","ping_status":"closed","sticky":false,"template":"","format":"standard","meta":{"footnotes":""},"categories":[22],"tags":[57],"class_list":["post-16948","post","type-post","status-publish","format-standard","has-post-thumbnail","hentry","category-el-mundo","tag-el-mundo"],"_links":{"self":[{"href":"http:\/\/argentinamunicipal.com.ar\/argentina\/wp-json\/wp\/v2\/posts\/16948","targetHints":{"allow":["GET"]}}],"collection":[{"href":"http:\/\/argentinamunicipal.com.ar\/argentina\/wp-json\/wp\/v2\/posts"}],"about":[{"href":"http:\/\/argentinamunicipal.com.ar\/argentina\/wp-json\/wp\/v2\/types\/post"}],"author":[{"embeddable":true,"href":"http:\/\/argentinamunicipal.com.ar\/argentina\/wp-json\/wp\/v2\/users\/2"}],"replies":[{"embeddable":true,"href":"http:\/\/argentinamunicipal.com.ar\/argentina\/wp-json\/wp\/v2\/comments?post=16948"}],"version-history":[{"count":0,"href":"http:\/\/argentinamunicipal.com.ar\/argentina\/wp-json\/wp\/v2\/posts\/16948\/revisions"}],"wp:featuredmedia":[{"embeddable":true,"href":"http:\/\/argentinamunicipal.com.ar\/argentina\/wp-json\/wp\/v2\/media\/16949"}],"wp:attachment":[{"href":"http:\/\/argentinamunicipal.com.ar\/argentina\/wp-json\/wp\/v2\/media?parent=16948"}],"wp:term":[{"taxonomy":"category","embeddable":true,"href":"http:\/\/argentinamunicipal.com.ar\/argentina\/wp-json\/wp\/v2\/categories?post=16948"},{"taxonomy":"post_tag","embeddable":true,"href":"http:\/\/argentinamunicipal.com.ar\/argentina\/wp-json\/wp\/v2\/tags?post=16948"}],"curies":[{"name":"wp","href":"https:\/\/api.w.org\/{rel}","templated":true}]}}