{"id":16954,"date":"2014-10-22T08:59:10","date_gmt":"2014-10-22T11:59:10","guid":{"rendered":"http:\/\/argentinamunicipal.com.ar\/argentina\/?p=16954"},"modified":"2014-10-22T08:59:10","modified_gmt":"2014-10-22T11:59:10","slug":"basura-electronica-santa-fe-desecho-mas-de-17-toneladas","status":"publish","type":"post","link":"http:\/\/argentinamunicipal.com.ar\/argentina\/basura-electronica-santa-fe-desecho-mas-de-17-toneladas\/","title":{"rendered":"Basura electr\u00f3nica: Santa Fe desech\u00f3 m\u00e1s de 17 toneladas"},"content":{"rendered":"<div id=\"attachment_16955\" style=\"width: 620px\" class=\"wp-caption aligncenter\"><a href=\"http:\/\/argentinamunicipal.com.ar\/argentina\/wp-content\/uploads\/2014\/10\/basura-electronica.jpg\"><img loading=\"lazy\" decoding=\"async\" aria-describedby=\"caption-attachment-16955\" class=\"size-full wp-image-16955\" src=\"http:\/\/argentinamunicipal.com.ar\/argentina\/wp-content\/uploads\/2014\/10\/basura-electronica.jpg\" alt=\"Descarte. Monitores que est\u00e1n a punto de ser enviados a C\u00f3rdoba para su disposici\u00f3n final en un relleno especial\" width=\"610\" height=\"430\" srcset=\"http:\/\/argentinamunicipal.com.ar\/argentina\/wp-content\/uploads\/2014\/10\/basura-electronica.jpg 610w, http:\/\/argentinamunicipal.com.ar\/argentina\/wp-content\/uploads\/2014\/10\/basura-electronica-300x211.jpg 300w\" sizes=\"auto, (max-width: 610px) 100vw, 610px\" \/><\/a><p id=\"caption-attachment-16955\" class=\"wp-caption-text\">Descarte. Monitores que est\u00e1n a punto de ser enviados a C\u00f3rdoba para su disposici\u00f3n final en un relleno especial<\/p><\/div>\n<p>Fue desde junio de 2013 hasta la fecha. Es equipamiento obsoleto en oficinas p\u00fablicas de toda la provincia. Adem\u00e1s, hay cuatro toneladas que esperan la baja en inventario para su disposici\u00f3n final<\/p>\n<p>Desde el a\u00f1o pasado en la provincia de Santa Fe se puso en funcionamiento un protocolo para la disposici\u00f3n final de los residuos de aparatos el\u00e9ctricos y electr\u00f3nicos que tiene como objetivo el correcto tratamiento de sustancias qu\u00edmicas t\u00f3xicas y metales pesados que contienen estos elementos.<\/p>\n<p>En este sentido, el coordinador del Comit\u00e9 Interministerial para el Uso Racional de la Energ\u00eda y Consumo Sustentable, Leonardo Vera, en di\u00e1logo con Diario UNO coment\u00f3 que el a\u00f1o pasado se llev\u00f3 a cabo la primera gesti\u00f3n de residuos inform\u00e1ticos, en la que se descartaron cinco toneladas que estaban alojadas en el dep\u00f3sito del ex-Liceo Militar de Recreo. En tanto, durante este a\u00f1o se acumularon y desecharon m\u00e1s de 12 toneladas para su disposici\u00f3n final adecuada y pronto se trasladar\u00e1n cuatro m\u00e1s que se encuentran clasificadas y que esperan la baja en los inventarios.<\/p>\n<p>Antes de que exista este programa, la administraci\u00f3n p\u00fablica ten\u00eda este equipamiento en dep\u00f3sito sin ning\u00fan destino final. Hoy esto se traslada a las instalaciones del ex-Liceo Militar de la ciudad de Recreo, donde se realiza la clasificaci\u00f3n y separaci\u00f3n de partes de CPU, monitores, teclados, tel\u00e9fonos y faxes que fueron quedando obsoletos o sufrieron roturas y con los a\u00f1os se dieron de baja.<\/p>\n<p>Desafectar un equipo del inventario provincial es un proceso que involucra a los ministerios de Gobierno y Reforma del Estado, Econom\u00eda y Aguas, Servicios P\u00fablicos y Medio Ambiente. La \u00faltima parte del proceso corresponde a la Secretaria de Tecnolog\u00edas de la Gesti\u00f3n que hace una evaluaci\u00f3n de los equipos. Al respecto Vera explic\u00f3 que un aparato \u201ca lo mejor no sirve para un \u00e1rea espec\u00edfica, pero si para otra. Si, en definitiva, ellos determinan que un equipo ya cumpli\u00f3 su vida \u00fatil y que no puede ser m\u00e1s utilizado, ah\u00ed es cuando se decide el destino final\u201d. El proyecto administrativamente tiene que atender a cuestiones legales, y dar de baja un bien del<\/p>\n<p>Estado no es una tarea sencilla, es un proceso engorroso y lleva un tiempo hasta que se puede retirar un equipo del listado oficial. Aparte, para el funcionario la intenci\u00f3n es que, \u201csi en un principio el equipo puede ser reutilizado que as\u00ed sea\u201d.<\/p>\n<p>A su vez, Vera coment\u00f3 que en los comienzos del programa la provincia trabajaba con varios operadores para que lleven a cabo el trabajo de descarte de materiales, pero sostuvo que esto \u201csolamente resolv\u00eda una parte del problema, porque reutilizaban los materiales que a ellos les serv\u00eda y el resto lo destinaban mal\u201d. \u201cAhora, lo que logramos es cerrar todo el circuito con un solo operador habilitado\u201d, indic\u00f3.<\/p>\n<p>Actualmente, una sola empresa se encarga de la selecci\u00f3n y aprovechamiento de los componentes reutilizables, fundamentalmente las CPU, ya que \u201clos monitores, son un problema porque los que recuperan plomo no los quieren y los que recuperan vidrio tampoco\u201d, debido a lo dif\u00edcil que resulta extraer esos componentes. Entonces los monitores se destinan a un relleno de seguridad que es \u00fanico en el pa\u00eds y que est\u00e1 ubicado en C\u00f3rdoba. Con esta medida el gobierno busca evitar problemas ambientales con el material inform\u00e1tico descartado y empezar a tomar medidas para el recambio de equipamiento por uno m\u00e1s eficiente en el consumo energ\u00e9tico.<\/p>\n<h6>Fuente: Uno, Santa Fe<\/h6>\n","protected":false},"excerpt":{"rendered":"<p>Fue desde junio de 2013 hasta la fecha. Es equipamiento obsoleto en oficinas p\u00fablicas de toda la provincia. Adem\u00e1s, hay cuatro toneladas que esperan la baja en inventario para su disposici\u00f3n final Desde el a\u00f1o pasado en la provincia de Santa Fe se puso en funcionamiento un protocolo para la disposici\u00f3n final de los residuos<\/p>\n","protected":false},"author":2,"featured_media":16955,"comment_status":"closed","ping_status":"closed","sticky":false,"template":"","format":"standard","meta":{"footnotes":""},"categories":[2],"tags":[10],"class_list":["post-16954","post","type-post","status-publish","format-standard","has-post-thumbnail","hentry","category-informe-municipal","tag-santa-fe"],"_links":{"self":[{"href":"http:\/\/argentinamunicipal.com.ar\/argentina\/wp-json\/wp\/v2\/posts\/16954","targetHints":{"allow":["GET"]}}],"collection":[{"href":"http:\/\/argentinamunicipal.com.ar\/argentina\/wp-json\/wp\/v2\/posts"}],"about":[{"href":"http:\/\/argentinamunicipal.com.ar\/argentina\/wp-json\/wp\/v2\/types\/post"}],"author":[{"embeddable":true,"href":"http:\/\/argentinamunicipal.com.ar\/argentina\/wp-json\/wp\/v2\/users\/2"}],"replies":[{"embeddable":true,"href":"http:\/\/argentinamunicipal.com.ar\/argentina\/wp-json\/wp\/v2\/comments?post=16954"}],"version-history":[{"count":0,"href":"http:\/\/argentinamunicipal.com.ar\/argentina\/wp-json\/wp\/v2\/posts\/16954\/revisions"}],"wp:featuredmedia":[{"embeddable":true,"href":"http:\/\/argentinamunicipal.com.ar\/argentina\/wp-json\/wp\/v2\/media\/16955"}],"wp:attachment":[{"href":"http:\/\/argentinamunicipal.com.ar\/argentina\/wp-json\/wp\/v2\/media?parent=16954"}],"wp:term":[{"taxonomy":"category","embeddable":true,"href":"http:\/\/argentinamunicipal.com.ar\/argentina\/wp-json\/wp\/v2\/categories?post=16954"},{"taxonomy":"post_tag","embeddable":true,"href":"http:\/\/argentinamunicipal.com.ar\/argentina\/wp-json\/wp\/v2\/tags?post=16954"}],"curies":[{"name":"wp","href":"https:\/\/api.w.org\/{rel}","templated":true}]}}