{"id":16967,"date":"2014-10-22T09:13:42","date_gmt":"2014-10-22T12:13:42","guid":{"rendered":"http:\/\/argentinamunicipal.com.ar\/argentina\/?p=16967"},"modified":"2014-10-22T09:13:42","modified_gmt":"2014-10-22T12:13:42","slug":"bolivia-paraguay-y-el-salvador-miembros-de-consejo-ddhh-de-la-onu","status":"publish","type":"post","link":"http:\/\/argentinamunicipal.com.ar\/argentina\/bolivia-paraguay-y-el-salvador-miembros-de-consejo-ddhh-de-la-onu\/","title":{"rendered":"Bolivia, Paraguay y El Salvador, miembros de Consejo DDHH de la ONU\u00a0"},"content":{"rendered":"<p><a href=\"http:\/\/argentinamunicipal.com.ar\/argentina\/wp-content\/uploads\/2014\/10\/5422d40daafa8_565_319.jpg\"><img loading=\"lazy\" decoding=\"async\" class=\"aligncenter size-full wp-image-16968\" src=\"http:\/\/argentinamunicipal.com.ar\/argentina\/wp-content\/uploads\/2014\/10\/5422d40daafa8_565_319.jpg\" alt=\"5422d40daafa8_565_319!\" width=\"565\" height=\"319\" srcset=\"http:\/\/argentinamunicipal.com.ar\/argentina\/wp-content\/uploads\/2014\/10\/5422d40daafa8_565_319.jpg 565w, http:\/\/argentinamunicipal.com.ar\/argentina\/wp-content\/uploads\/2014\/10\/5422d40daafa8_565_319-300x169.jpg 300w\" sizes=\"auto, (max-width: 565px) 100vw, 565px\" \/><\/a><br \/>\n\u00abBolivia sali\u00f3 electa con 144 votos\u00bb, escribi\u00f3 en Twitter el embajador boliviano ante la Organizaci\u00f3n de Naciones Unidas (ONU), Sacha Llorenti. Bolivia fue elegida junto a Paraguay y El Salvador para ocupar a fin de a\u00f1o los puestos de Costa Rica, Chile y Per\u00fa.<\/p>\n<p>Por su parte el ministro de Relaciones Exteriores de El Salvador, Hugo Mart\u00ednez, dijo que para su pa\u00eds \u00ablos derechos humanos constituyen una pol\u00edtica de Estado y un pilar fundamental\u00bb de la pol\u00edtica exterior.<\/p>\n<p>\u00abEn ese sentido, postularnos por primera vez y alcanzar un esca\u00f1o en dicho Consejo de las Naciones Unidas nos complace y compromete a continuar promoviendo los derechos humanos como condici\u00f3n indispensable para lograr el desarrollo\u00bb, a\u00f1adi\u00f3 el canciller salvadore\u00f1o.<\/p>\n<p>El Consejo de Derechos Humanos de la ONU est\u00e1 formado por 47 miembros y su tarea es la protecci\u00f3n de los derechos humanos en todo el planeta.<\/p>\n<p>Los 15 pa\u00edses elegidos hoy en la sede de Naciones Unidas son Bolivia, Paraguay, El Salvador, Albania, Bangladesh, Botswana, Congo, Ghana, India, Indonesia, Letonia, Holanda, Nigeria, Portugal y Qatar.<\/p>\n<p>Este a\u00f1o Bolivia tambi\u00e9n estuvo a cargo de la presidencia pro t\u00e9mpore del Grupo 77 m\u00e1s China y en junio pasado organiz\u00f3 en la ciudad boliviana de Santa Cruz de la Sierra de celebraci\u00f3n de los 50 a\u00f1os de ese organismo.<\/p>\n<h6>Fuente: MDZ Online<\/h6>\n","protected":false},"excerpt":{"rendered":"<p>\u00abBolivia sali\u00f3 electa con 144 votos\u00bb, escribi\u00f3 en Twitter el embajador boliviano ante la Organizaci\u00f3n de Naciones Unidas (ONU), Sacha Llorenti. Bolivia fue elegida junto a Paraguay y El Salvador para ocupar a fin de a\u00f1o los puestos de Costa Rica, Chile y Per\u00fa. Por su parte el ministro de Relaciones Exteriores de El Salvador,<\/p>\n","protected":false},"author":2,"featured_media":16968,"comment_status":"closed","ping_status":"closed","sticky":false,"template":"","format":"standard","meta":{"footnotes":""},"categories":[22],"tags":[57],"class_list":["post-16967","post","type-post","status-publish","format-standard","has-post-thumbnail","hentry","category-el-mundo","tag-el-mundo"],"_links":{"self":[{"href":"http:\/\/argentinamunicipal.com.ar\/argentina\/wp-json\/wp\/v2\/posts\/16967","targetHints":{"allow":["GET"]}}],"collection":[{"href":"http:\/\/argentinamunicipal.com.ar\/argentina\/wp-json\/wp\/v2\/posts"}],"about":[{"href":"http:\/\/argentinamunicipal.com.ar\/argentina\/wp-json\/wp\/v2\/types\/post"}],"author":[{"embeddable":true,"href":"http:\/\/argentinamunicipal.com.ar\/argentina\/wp-json\/wp\/v2\/users\/2"}],"replies":[{"embeddable":true,"href":"http:\/\/argentinamunicipal.com.ar\/argentina\/wp-json\/wp\/v2\/comments?post=16967"}],"version-history":[{"count":0,"href":"http:\/\/argentinamunicipal.com.ar\/argentina\/wp-json\/wp\/v2\/posts\/16967\/revisions"}],"wp:featuredmedia":[{"embeddable":true,"href":"http:\/\/argentinamunicipal.com.ar\/argentina\/wp-json\/wp\/v2\/media\/16968"}],"wp:attachment":[{"href":"http:\/\/argentinamunicipal.com.ar\/argentina\/wp-json\/wp\/v2\/media?parent=16967"}],"wp:term":[{"taxonomy":"category","embeddable":true,"href":"http:\/\/argentinamunicipal.com.ar\/argentina\/wp-json\/wp\/v2\/categories?post=16967"},{"taxonomy":"post_tag","embeddable":true,"href":"http:\/\/argentinamunicipal.com.ar\/argentina\/wp-json\/wp\/v2\/tags?post=16967"}],"curies":[{"name":"wp","href":"https:\/\/api.w.org\/{rel}","templated":true}]}}