{"id":16980,"date":"2014-10-22T09:38:29","date_gmt":"2014-10-22T12:38:29","guid":{"rendered":"http:\/\/argentinamunicipal.com.ar\/argentina\/?p=16980"},"modified":"2014-10-22T09:38:29","modified_gmt":"2014-10-22T12:38:29","slug":"entregaron-cincuenta-viviendas-en-monterrico","status":"publish","type":"post","link":"http:\/\/argentinamunicipal.com.ar\/argentina\/entregaron-cincuenta-viviendas-en-monterrico\/","title":{"rendered":"Entregaron cincuenta viviendas en Monterrico"},"content":{"rendered":"<div id=\"attachment_16981\" style=\"width: 792px\" class=\"wp-caption aligncenter\"><a href=\"http:\/\/argentinamunicipal.com.ar\/argentina\/wp-content\/uploads\/2014\/10\/0000218084.jpg\"><img loading=\"lazy\" decoding=\"async\" aria-describedby=\"caption-attachment-16981\" class=\" wp-image-16981\" src=\"http:\/\/argentinamunicipal.com.ar\/argentina\/wp-content\/uploads\/2014\/10\/0000218084.jpg\" alt=\"FELLNER Y NIVELLO\/  INGRESAN A UNA DE LAS VIVIENDAS ENTREGADAS AYER EN MONTERRICO.\" width=\"782\" height=\"440\" srcset=\"http:\/\/argentinamunicipal.com.ar\/argentina\/wp-content\/uploads\/2014\/10\/0000218084.jpg 1099w, http:\/\/argentinamunicipal.com.ar\/argentina\/wp-content\/uploads\/2014\/10\/0000218084-300x168.jpg 300w, http:\/\/argentinamunicipal.com.ar\/argentina\/wp-content\/uploads\/2014\/10\/0000218084-1024x575.jpg 1024w\" sizes=\"auto, (max-width: 782px) 100vw, 782px\" \/><\/a><p id=\"caption-attachment-16981\" class=\"wp-caption-text\">FELLNER Y NIVELLO\/ INGRESAN A UNA DE LAS VIVIENDAS ENTREGADAS AYER EN MONTERRICO.<\/p><\/div>\n<p>El grupo forma parte de cien unidades habitacionales que se dieron en esa localidad \u00abtabacalera\u00bb.<\/p>\n<p>El gobernador Eduardo Fellner, entreg\u00f3 50 casas a familias de Monterrico, oportunidad en la que expres\u00f3 que \u00abhay que seguir trabajando\u00bb para \u00abdar soluci\u00f3n a miles de familias que siguen esperando\u201d su casa propia. Adem\u00e1s en la ocasi\u00f3n anunci\u00f3 la construcci\u00f3n de 50 viviendas m\u00e1s en esa localidad.<\/p>\n<p>En ese marco, el gobernador ratific\u00f3 el compromiso de seguir trabajando fuertemente, porque todav\u00eda \u00abhay mucha gente esperando por su vivienda\u00bb, por lo que seguir\u00e1 adelante para \u00abdar soluci\u00f3n\u201d a las familias.<\/p>\n<p>Adem\u00e1s indic\u00f3 que dentro de las obras generadas en la mencionada localidad se est\u00e1 concluyendo con la infraestructura necesaria en dos loteos fiscales importantes que se enmarcan dentro del programa \u00abUn lote para cada familia juje\u00f1a que lo necesite\u00bb.<\/p>\n<p>Continuando, reiter\u00f3 el compromiso del Gobierno de la Provincia y de todos sus funcionarios de \u00abseguir trabajando hasta el \u00faltimo d\u00eda con el mayor de los esfuerzos, para tratar de dar respuestas a la mayor cantidad de familias juje\u00f1as\u00bb.<\/p>\n<p>Destac\u00f3 tambi\u00e9n el trabajo conjunto con el Gobierno nacional, lo que demuestra que \u00abse van concretando las cosas, hay un apoyo muy fuerte en todo momento y ahora m\u00e1s que nunca\u00bb.<\/p>\n<p>El mandatario provincial agreg\u00f3 que \u00abhay muchas viviendas para entregar en distintos lugares de la provincia, incluso hay un programa nuevo denominado \u00abMejor vivir\u00bb que lo solicitamos al Gobierno nacional, el cual se basa en el mejoramiento individual de viviendas ya construidas, es decir aquellas que necesitan un n\u00facleo h\u00famedo o ampliaci\u00f3n, los cuales van a ser distribuidos en los pr\u00f3ximos d\u00edas entre los distintos municipios de acuerdo a las necesidades sociales que ya est\u00e1n relevadas, lo que constituye un refuerzo importante en materia de dignidad para poder vivir con mayor seguridad, higiene y salud\u00bb.<\/p>\n<p>Finalizando, Fellner afirm\u00f3 que \u00abtodo esto permite que se vaya dinamizando la actividad y que la construcci\u00f3n se recupere a trav\u00e9s de las empresas constructoras juje\u00f1as\u00bb.<\/p>\n<p>A su turno, Germ\u00e1n Nivello, remarc\u00f3 la calidad de las viviendas entregadas, la calidez de la gente y la gesti\u00f3n realizada para la concreci\u00f3n de las obras publicas.<\/p>\n<p>Al mismo tiempo, especific\u00f3 que las inversiones realizadas por el Estado nacional, con la iniciativa de \u00abN\u00e9stor Kirchner y la presidente que es continuadora y gestionadora de tomar decisiones con respecto a las viviendas\u00bb, se duplic\u00f3 el presupuesto destinado a las mismas en este a\u00f1o y el pr\u00f3ximo.<\/p>\n<p>Concluyendo, Nivello mencion\u00f3 que \u00abexiste un cupo muy importante\u00bb, para la construcci\u00f3n de nuevas viviendas, donde ya se present\u00f3 la documentaci\u00f3n requerida para la construcci\u00f3n de 50 nuevos hogares en la localidad de Perico y remarc\u00f3 \u00abel esfuerzo de los vecinos que han comprado la tierra\u00bb a partir de las cuales desde naci\u00f3n se podr\u00e1 seguir desarrollando el plan de vivienda que la provincia ha solicitado.<\/p>\n<p>Por otro lado, el flamante adjudicatario, Basilio L\u00f3pez dijo que \u00abes un d\u00eda muy especial y esperado, ya que fueron 8 a\u00f1os de espera, por ello estamos emocionados todos, como lo est\u00e1 el resto de la gente que recibi\u00f3 hoy su vivienda. Est\u00e1n muy lindas las casas, se utilizaron materiales muy buenos para la construcci\u00f3n\u00bb, por lo que con esto \u00abse ha concretado el sue\u00f1o de la casa propia, un sue\u00f1o que ten\u00edamos hace mucho tiempo y que por fin se dio\u00bb, se\u00f1al\u00f3.<\/p>\n<h6>Fuente: El Tribuno,\u00a0Jujuy<\/h6>\n","protected":false},"excerpt":{"rendered":"<p>El grupo forma parte de cien unidades habitacionales que se dieron en esa localidad \u00abtabacalera\u00bb. El gobernador Eduardo Fellner, entreg\u00f3 50 casas a familias de Monterrico, oportunidad en la que expres\u00f3 que \u00abhay que seguir trabajando\u00bb para \u00abdar soluci\u00f3n a miles de familias que siguen esperando\u201d su casa propia. Adem\u00e1s en la ocasi\u00f3n anunci\u00f3 la<\/p>\n","protected":false},"author":2,"featured_media":16981,"comment_status":"closed","ping_status":"closed","sticky":false,"template":"","format":"standard","meta":{"footnotes":""},"categories":[2],"tags":[25],"class_list":["post-16980","post","type-post","status-publish","format-standard","has-post-thumbnail","hentry","category-informe-municipal","tag-jujuy"],"_links":{"self":[{"href":"http:\/\/argentinamunicipal.com.ar\/argentina\/wp-json\/wp\/v2\/posts\/16980","targetHints":{"allow":["GET"]}}],"collection":[{"href":"http:\/\/argentinamunicipal.com.ar\/argentina\/wp-json\/wp\/v2\/posts"}],"about":[{"href":"http:\/\/argentinamunicipal.com.ar\/argentina\/wp-json\/wp\/v2\/types\/post"}],"author":[{"embeddable":true,"href":"http:\/\/argentinamunicipal.com.ar\/argentina\/wp-json\/wp\/v2\/users\/2"}],"replies":[{"embeddable":true,"href":"http:\/\/argentinamunicipal.com.ar\/argentina\/wp-json\/wp\/v2\/comments?post=16980"}],"version-history":[{"count":0,"href":"http:\/\/argentinamunicipal.com.ar\/argentina\/wp-json\/wp\/v2\/posts\/16980\/revisions"}],"wp:featuredmedia":[{"embeddable":true,"href":"http:\/\/argentinamunicipal.com.ar\/argentina\/wp-json\/wp\/v2\/media\/16981"}],"wp:attachment":[{"href":"http:\/\/argentinamunicipal.com.ar\/argentina\/wp-json\/wp\/v2\/media?parent=16980"}],"wp:term":[{"taxonomy":"category","embeddable":true,"href":"http:\/\/argentinamunicipal.com.ar\/argentina\/wp-json\/wp\/v2\/categories?post=16980"},{"taxonomy":"post_tag","embeddable":true,"href":"http:\/\/argentinamunicipal.com.ar\/argentina\/wp-json\/wp\/v2\/tags?post=16980"}],"curies":[{"name":"wp","href":"https:\/\/api.w.org\/{rel}","templated":true}]}}