{"id":16992,"date":"2014-10-22T10:05:39","date_gmt":"2014-10-22T13:05:39","guid":{"rendered":"http:\/\/argentinamunicipal.com.ar\/argentina\/?p=16992"},"modified":"2014-10-22T10:05:39","modified_gmt":"2014-10-22T13:05:39","slug":"ambiente-comenzo-en-catamarca-la-esquila-de-vicunas-denominada-chaku","status":"publish","type":"post","link":"http:\/\/argentinamunicipal.com.ar\/argentina\/ambiente-comenzo-en-catamarca-la-esquila-de-vicunas-denominada-chaku\/","title":{"rendered":"Ambiente comenz\u00f3 en Catamarca la esquila de vicu\u00f1as, denominada \u201cChaku\u201d"},"content":{"rendered":"<p><a href=\"http:\/\/argentinamunicipal.com.ar\/argentina\/wp-content\/uploads\/2014\/10\/vicu\u00f1as.jpg\"><img loading=\"lazy\" decoding=\"async\" class=\"aligncenter size-full wp-image-16993\" src=\"http:\/\/argentinamunicipal.com.ar\/argentina\/wp-content\/uploads\/2014\/10\/vicu\u00f1as.jpg\" alt=\"vicu\u00f1as\" width=\"695\" height=\"421\" srcset=\"http:\/\/argentinamunicipal.com.ar\/argentina\/wp-content\/uploads\/2014\/10\/vicu\u00f1as.jpg 695w, http:\/\/argentinamunicipal.com.ar\/argentina\/wp-content\/uploads\/2014\/10\/vicu\u00f1as-300x181.jpg 300w\" sizes=\"auto, (max-width: 695px) 100vw, 695px\" \/><\/a><\/p>\n<p>La semana pasada se realiz\u00f3 en la localidad de Laguna Blanca, departamento Bel\u00e9n, la primera captura y esquila en silvestr\u00eda de vicu\u00f1as efectuada por comunidades pune\u00f1as, en la presente temporada 2014.<\/p>\n<p>Las acciones de captura y esquila se desarrollaron en un \u00e1mbito de trabajo, coordinado por la secretar\u00eda de Estado del Ambiente y Desarrollo Sustentable, a cargo del CPN Armando Zavaleta y, a trav\u00e9s de las direcciones provinciales de Biodiversidad, Bosques Nativos y Fiscalizaci\u00f3n, junto con la cooperativa de pobladores de Laguna Blanca, trabajando para obtener la fibra de vicu\u00f1a con acciones que combinan lo tradicional con t\u00e9cnicas modernas.<\/p>\n<p>Esta esquila comunitaria de vicu\u00f1as es la primera del a\u00f1o y se llev\u00f3 a cabo en el paraje La Retama, ubicado a 13 km del pueblo de Laguna Blanca a 3.200 m snm, y fue realizada por la cooperativa de pobladores de Laguna Blanca, quienes vienen ejecutando desde hace varios a\u00f1os esta modalidad de aprovechamiento sustentable de la especie de fauna silvestre m\u00e1s importante de nuestra provincia, desde el punto de vista econ\u00f3mico y social.<\/p>\n<p><strong>Captura y esquila<\/strong><\/p>\n<p>En esta oportunidad se captur\u00f3 un total de 180 ejemplares de vicu\u00f1as, de las que se esquilaron 144, mientras 36 no, por presentar pelo demasiado corto. Los artesanos de Laguna Blanca determinaron qu\u00e9 animales estaban en condiciones, mientras los pobladores en general son los encargados de esquilar los animales capturados, realizando esta tarea con sus tradicionales tijeras.<\/p>\n<p>Del proceso de esquila se obtuvieron 48,060 kg, constituyendo esta cantidad un r\u00e9cord para las esquilas del paraje La Retama, lo que hizo que la larga tarea de armado de la estructura para la captura y esquila, terminara con un resultado ampliamente satisfactorio para la comunidad de Laguna Blanca.<\/p>\n<p><strong>Pr\u00f3ximas tareas<\/strong><\/p>\n<p>Luego de los resultados satisfactorios en La Retama, se coordinaron\u00a0 las pr\u00f3ximas tareas con las comunidades, que incluyen una nueva captura y esquila de vicu\u00f1as en silvestr\u00eda por parte de la comunidad de Laguna Blanca, en el paraje Salinas Grandes y, posteriormente, en diferentes puntos del departamento Antofagasta de la Sierra, a trabajar coordinadamente con comunidades de El Pe\u00f1\u00f3n, Los Nacimientos y Antofalla.<\/p>\n<h6>Fuente: La Uni\u00f3n Digital<\/h6>\n","protected":false},"excerpt":{"rendered":"<p>La semana pasada se realiz\u00f3 en la localidad de Laguna Blanca, departamento Bel\u00e9n, la primera captura y esquila en silvestr\u00eda de vicu\u00f1as efectuada por comunidades pune\u00f1as, en la presente temporada 2014. Las acciones de captura y esquila se desarrollaron en un \u00e1mbito de trabajo, coordinado por la secretar\u00eda de Estado del Ambiente y Desarrollo Sustentable,<\/p>\n","protected":false},"author":2,"featured_media":16993,"comment_status":"closed","ping_status":"closed","sticky":false,"template":"","format":"standard","meta":{"footnotes":""},"categories":[2],"tags":[16],"class_list":["post-16992","post","type-post","status-publish","format-standard","has-post-thumbnail","hentry","category-informe-municipal","tag-catamarca"],"_links":{"self":[{"href":"http:\/\/argentinamunicipal.com.ar\/argentina\/wp-json\/wp\/v2\/posts\/16992","targetHints":{"allow":["GET"]}}],"collection":[{"href":"http:\/\/argentinamunicipal.com.ar\/argentina\/wp-json\/wp\/v2\/posts"}],"about":[{"href":"http:\/\/argentinamunicipal.com.ar\/argentina\/wp-json\/wp\/v2\/types\/post"}],"author":[{"embeddable":true,"href":"http:\/\/argentinamunicipal.com.ar\/argentina\/wp-json\/wp\/v2\/users\/2"}],"replies":[{"embeddable":true,"href":"http:\/\/argentinamunicipal.com.ar\/argentina\/wp-json\/wp\/v2\/comments?post=16992"}],"version-history":[{"count":0,"href":"http:\/\/argentinamunicipal.com.ar\/argentina\/wp-json\/wp\/v2\/posts\/16992\/revisions"}],"wp:featuredmedia":[{"embeddable":true,"href":"http:\/\/argentinamunicipal.com.ar\/argentina\/wp-json\/wp\/v2\/media\/16993"}],"wp:attachment":[{"href":"http:\/\/argentinamunicipal.com.ar\/argentina\/wp-json\/wp\/v2\/media?parent=16992"}],"wp:term":[{"taxonomy":"category","embeddable":true,"href":"http:\/\/argentinamunicipal.com.ar\/argentina\/wp-json\/wp\/v2\/categories?post=16992"},{"taxonomy":"post_tag","embeddable":true,"href":"http:\/\/argentinamunicipal.com.ar\/argentina\/wp-json\/wp\/v2\/tags?post=16992"}],"curies":[{"name":"wp","href":"https:\/\/api.w.org\/{rel}","templated":true}]}}