{"id":17023,"date":"2014-10-23T08:12:18","date_gmt":"2014-10-23T11:12:18","guid":{"rendered":"http:\/\/argentinamunicipal.com.ar\/argentina\/?p=17023"},"modified":"2014-10-23T08:12:18","modified_gmt":"2014-10-23T11:12:18","slug":"la-urgencia-de-los-intendentes-de-rosario-y-santa-fe","status":"publish","type":"post","link":"http:\/\/argentinamunicipal.com.ar\/argentina\/la-urgencia-de-los-intendentes-de-rosario-y-santa-fe\/","title":{"rendered":"La urgencia de los intendentes de Rosario y Santa Fe"},"content":{"rendered":"<p><a href=\"http:\/\/argentinamunicipal.com.ar\/argentina\/wp-content\/uploads\/2014\/10\/Legislatura-Santa-Fe-2.jpg\"><img loading=\"lazy\" decoding=\"async\" class=\"aligncenter  wp-image-17024\" src=\"http:\/\/argentinamunicipal.com.ar\/argentina\/wp-content\/uploads\/2014\/10\/Legislatura-Santa-Fe-2.jpg\" alt=\"Legislatura-Santa-Fe-2\" width=\"646\" height=\"317\" srcset=\"http:\/\/argentinamunicipal.com.ar\/argentina\/wp-content\/uploads\/2014\/10\/Legislatura-Santa-Fe-2.jpg 1600w, http:\/\/argentinamunicipal.com.ar\/argentina\/wp-content\/uploads\/2014\/10\/Legislatura-Santa-Fe-2-300x147.jpg 300w, http:\/\/argentinamunicipal.com.ar\/argentina\/wp-content\/uploads\/2014\/10\/Legislatura-Santa-Fe-2-1024x502.jpg 1024w\" sizes=\"auto, (max-width: 646px) 100vw, 646px\" \/><\/a><br \/>\nEn las intendencias de Rosario y Santa Fe hacen cuentas y apuran a sus concejales y senadores a pavimentar el camino pol\u00edtico y sancionar cuanto antes la ley que incluye a ambos municipios en el reparto del Fondo de Obras Menores (FOM), lo que representar\u00eda s\u00f3lo para la ciudad m\u00e1s grande entre 90 y 100 millones de pesos extra al a\u00f1o. Por eso ayer M\u00f3nica Fein y el vicegobernador Jorge Henn encabezaron una reuni\u00f3n con los referentes de los partidos que integran el Frente Progresista en el Concejo Municipal y en el Senado provincial, y pidieron por el r\u00e1pido tratamiento de esta ley que ya fue aprobada con media sanci\u00f3n en Diputados.<\/p>\n<p>\u00abEstos son los debates trascendentes y no las discusiones mediocres de 10 pesos\u00bb, marc\u00f3 la secretaria de Hacienda municipal, Ver\u00f3nica Ir\u00edzar, en alusi\u00f3n a las cr\u00edticas opositoras por la idea de cobrar un bono solidario en una de las diez noches de la Fiesta de las Colectividades. El cambio de la ley del FOM hasta ahora incluye la automaticidad en el env\u00edo de fondos, autoriza a municipios de segunda categor\u00eda a usar hasta el 35% de su partida para gastos corrientes, y modifica el c\u00e1lculo de la al\u00edcuota: en lugar de representar el 1% del presupuesto provincial aprobado, ser\u00e1 el 1% del presupuesto ejecutado, lo que -inflaci\u00f3n mediante- terminar\u00eda significando m\u00e1s dinero para las administraciones locales. El FOM se instaur\u00f3 en 2004, con una bolsa a repartir de 20 millones de pesos, monto que se duplic\u00f3 para 2007. La raz\u00f3n fue compensar a municipios y comunas con el \u00abprivilegio\u00bb que detentaban en aquellos a\u00f1os Rosario y Santa Fe, acreedoras del Fondo del Conurbano. Por entonces, Rosario percib\u00eda 22 millones de pesos por este concepto, y hoy sigue entregando 30 millones, mientras que el FOM evolucion\u00f3 por tratarse del 1% del presupuesto y para este a\u00f1o depara $276 millones a repartir. \u00abMientras Rosario percibe del Fondo del Conurbano 16 pesos per c\u00e1pita, los municipios beneficarios del FOM perciben $184 per c\u00e1pita, 12 veces m\u00e1s\u00bb, remarc\u00f3 Ver\u00f3nica Ir\u00edzar, secretaria de Hacienda.<\/p>\n<p>La funcionaria municipal explic\u00f3 que el proyecto preserva lo que el resto de municipios y comunas percibe hoy. \u00abPara Rosario y Santa Fe ser\u00e1 el Tesoro provincial el que adicione una masa extra de recursos en un c\u00e1lculo que para Rosario significar\u00eda entre 90 y 100 millones de pesos en 2015\u00bb, rese\u00f1\u00f3.<\/p>\n<p>En la reuni\u00f3n de ayer asistieron el senador Miguel Lifschitz (PS) y sus pares radicales Felipe Michlig, Orfilio Marc\u00f3n y Hugo Rasetto, adem\u00e1s de Henn como titular del Senado. Tambi\u00e9n concurrieron los concejales del Frente Progresista en pleno, incluso los radicales d\u00edscolos Mar\u00eda Eugenia Schmuck y Sebasti\u00e1n Chale. Acerca de qu\u00e9 destino asignarle a las partidas futuras, se contempl\u00f3 que \u00abel esp\u00edritu de la ley es financiar obras de infraestructura, por lo que es razonable que una parte atienda esa necesidad\u00bb, dijo Ir\u00edzar, vocera del encuentro realizado ayer en la delegaci\u00f3n local de Gobierno. Pero tambi\u00e9n consideraron la oportunidad de salir al cruce del d\u00e9ficit del sistema de transporte urbano de pasajeros (TUP), que en Rosario implica una sangr\u00eda de casi $9 millones mensuales. Lifschitz consider\u00f3 que \u00abla ley podr\u00e1 sancionarse en la pr\u00f3xima sesi\u00f3n del Senado\u00bb.<\/p>\n<h6>Fuente: Pagina 12, Rosario<\/h6>\n","protected":false},"excerpt":{"rendered":"<p>En las intendencias de Rosario y Santa Fe hacen cuentas y apuran a sus concejales y senadores a pavimentar el camino pol\u00edtico y sancionar cuanto antes la ley que incluye a ambos municipios en el reparto del Fondo de Obras Menores (FOM), lo que representar\u00eda s\u00f3lo para la ciudad m\u00e1s grande entre 90 y 100<\/p>\n","protected":false},"author":2,"featured_media":17024,"comment_status":"closed","ping_status":"closed","sticky":false,"template":"","format":"standard","meta":{"footnotes":""},"categories":[5,4],"tags":[10],"class_list":["post-17023","post","type-post","status-publish","format-standard","has-post-thumbnail","hentry","category-informe-economico","category-informe-politico","tag-santa-fe"],"_links":{"self":[{"href":"http:\/\/argentinamunicipal.com.ar\/argentina\/wp-json\/wp\/v2\/posts\/17023","targetHints":{"allow":["GET"]}}],"collection":[{"href":"http:\/\/argentinamunicipal.com.ar\/argentina\/wp-json\/wp\/v2\/posts"}],"about":[{"href":"http:\/\/argentinamunicipal.com.ar\/argentina\/wp-json\/wp\/v2\/types\/post"}],"author":[{"embeddable":true,"href":"http:\/\/argentinamunicipal.com.ar\/argentina\/wp-json\/wp\/v2\/users\/2"}],"replies":[{"embeddable":true,"href":"http:\/\/argentinamunicipal.com.ar\/argentina\/wp-json\/wp\/v2\/comments?post=17023"}],"version-history":[{"count":0,"href":"http:\/\/argentinamunicipal.com.ar\/argentina\/wp-json\/wp\/v2\/posts\/17023\/revisions"}],"wp:featuredmedia":[{"embeddable":true,"href":"http:\/\/argentinamunicipal.com.ar\/argentina\/wp-json\/wp\/v2\/media\/17024"}],"wp:attachment":[{"href":"http:\/\/argentinamunicipal.com.ar\/argentina\/wp-json\/wp\/v2\/media?parent=17023"}],"wp:term":[{"taxonomy":"category","embeddable":true,"href":"http:\/\/argentinamunicipal.com.ar\/argentina\/wp-json\/wp\/v2\/categories?post=17023"},{"taxonomy":"post_tag","embeddable":true,"href":"http:\/\/argentinamunicipal.com.ar\/argentina\/wp-json\/wp\/v2\/tags?post=17023"}],"curies":[{"name":"wp","href":"https:\/\/api.w.org\/{rel}","templated":true}]}}