{"id":17026,"date":"2014-10-23T08:17:28","date_gmt":"2014-10-23T11:17:28","guid":{"rendered":"http:\/\/argentinamunicipal.com.ar\/argentina\/?p=17026"},"modified":"2014-10-23T08:17:28","modified_gmt":"2014-10-23T11:17:28","slug":"universidad-nacional-de-rafaela-dieron-media-sancion-al-proyecto","status":"publish","type":"post","link":"http:\/\/argentinamunicipal.com.ar\/argentina\/universidad-nacional-de-rafaela-dieron-media-sancion-al-proyecto\/","title":{"rendered":"Universidad Nacional de Rafaela: dieron media sanci\u00f3n al proyecto"},"content":{"rendered":"<p><a href=\"http:\/\/argentinamunicipal.com.ar\/argentina\/wp-content\/uploads\/2014\/10\/libros.jpg\"><img loading=\"lazy\" decoding=\"async\" class=\"alignleft  wp-image-17027\" src=\"http:\/\/argentinamunicipal.com.ar\/argentina\/wp-content\/uploads\/2014\/10\/libros.jpg\" alt=\"libros\" width=\"536\" height=\"380\" srcset=\"http:\/\/argentinamunicipal.com.ar\/argentina\/wp-content\/uploads\/2014\/10\/libros.jpg 600w, http:\/\/argentinamunicipal.com.ar\/argentina\/wp-content\/uploads\/2014\/10\/libros-300x212.jpg 300w\" sizes=\"auto, (max-width: 536px) 100vw, 536px\" \/><\/a>La C\u00e1mara de Diputados aprob\u00f3 una extensa lista de proyectos educativos que incluy\u00f3 la media sanci\u00f3n para la puesta en marcha de la Universidad de la Innovaci\u00f3n y la Producci\u00f3n de Rafaela. El diputado nacional Omar Perotti, impulsor de la iniciativa, se mostr\u00f3 muy conforme y especialmente por el resultado de la votaci\u00f3n que se concret\u00f3 pasadas las 23 de anoche, que termin\u00f3 con 223 votos afirmativos, 0 negativos y 3 abstenciones.<\/p>\n<p>Universidad Nacional de Rafaela. \u201cAcabamos de dar otro paso adelante, el sue\u00f1o de la Universidad est\u00e1 cada vez m\u00e1s cerca\u201d, asegur\u00f3 Perotti. \u201cNuestro trabajo y preocupaci\u00f3n est\u00e1 centrado en la educaci\u00f3n y en realizar los aportes necesarios que beneficien a Rafaela y la regi\u00f3n. Este proyecto va en esa direcci\u00f3n y ojal\u00e1 pronto se termine de concretar\u201d, indic\u00f3.<\/p>\n<p>La Universidad Nacional de Rafaela est\u00e1 pensada para la promoci\u00f3n de la innovaci\u00f3n y la competitividad, que adem\u00e1s pueda aportar respuestas a las demandas de los sectores cient\u00edficos y productivos. \u201cLa creaci\u00f3n de una nueva Universidad ser\u00e1 una contribuci\u00f3n directa al desarrollo del territorio local y regional, favoreciendo la integraci\u00f3n dentro de un proyecto de desarrollo nacional\u201d. En ese sentido, explic\u00f3 que la iniciativa se sustenta en \u201cla necesidad de brindar a los j\u00f3venes que quieren profesionalizarse las herramientas indispensables para formarse, y que lo puedan hacer en su regi\u00f3n, propiciando el arraigo de nuestros recursos humanos en nuestras comunidades\u201d, puntualiz\u00f3.<\/p>\n<p>Seg\u00fan inform\u00f3 T\u00e9lam, los diputados avalaron la creaci\u00f3n de las universidades de Alto Uruguay (en Misiones), Ra\u00fal Scalabrini Ortiz (San Isidro), Almirante Guillermo Brown, Rafaela, Ezeiza, Comechingones y la Universidad Pedag\u00f3gica Nacional.<\/p>\n<p>Tambi\u00e9n se aprob\u00f3 la ley creando la Universidad Nacional de las Artes (UNA), sobre la base del actual Instituto Universitario Nacional del Arte (IUNA), nacido en 1996 con el prop\u00f3sito de transformar en universitaria la formaci\u00f3n art\u00edstica.<\/p>\n<p>Cabe recordar que s\u00f3lo los proyectos que promueven la transformaci\u00f3n del IUNA en universidad y la creaci\u00f3n de la Universidad Nacional de Rafaela no tienen disidencias.<\/p>\n<p>De todas maneras, la pol\u00e9mica estuvo dada en la estatizaci\u00f3n de la Universidad de las Madres de Plaza de Mayo. Tras un debate de m\u00e1s de cuatro horas, el oficialismo junto a sus aliados reuni\u00f3 132 votos para imponerse en la votaci\u00f3n, contra 87 votos reunidos por la oposici\u00f3n, en tanto que se registraron 5 abstenciones.<\/p>\n<p>\u00abHemos puesto a la educaci\u00f3n en el centro de la escena. Esto no es un logro de este gobierno solamente, sino de la democracia argentina\u201d, dijo al abrir el debate el diputado cordob\u00e9s kirchnerista Mart\u00edn Gill.<\/p>\n<p>Al defender el proyecto propiciado por el gobierno, el legislador pidi\u00f3 a la oposici\u00f3n \u00abno tener actitudes mezquinas, porque la ley no tiene nada que ver con los hechos p\u00fablicos que han sucedido en torno a la fundaci\u00f3n y sus responsabilidades\u201d.<\/p>\n<p>En el \u00faltimo tramo de su discurso, Gill dijo que esta es una ley \u00aben honor a la lucha, a la resistencia, el amor y la esperanza que representaron y representan todas y cada una de las madres de Plaza de Mayo\u201d.<\/p>\n<p>El diputado Horacio Pietragalla (FpV), nieto recuperado por Abuelas de Plaza de Mayo, remarc\u00f3 en su discurso que \u00e9l \u00abextra\u00f1a\u00bb que \u00abtodav\u00eda no puedan ver que cuando N\u00e9stor (Kirchner) asumi\u00f3 en 2003 era otra la percepci\u00f3n y el conocimiento que gran parte de la sociedad argentina ten\u00eda sobre lo que pas\u00f3 en la dictadura\u00bb.<br \/>\n\u00abNos cuesta escuchar ciertos t\u00e9rminos que se sueltan a la ligera sobre la pol\u00edtica de derechos humanos de este gobierno\u201d, manifest\u00f3.<br \/>\nEl debate lo cerr\u00f3 la diputada Juliana Di Tullio, afirmando que \u201cla universidad p\u00fablica es, fue y ser\u00e1 un motor de la movilidad social\u201d y que \u201cel bloque oficialista y sus aliados act\u00faan en consecuencia\u201d.<br \/>\nSobre las cr\u00edticas de la oposici\u00f3n, se\u00f1al\u00f3: \u201cVemos en un discurso de derecha a izquierda, explicando muchos dict\u00e1menes de minor\u00eda (siete), oponi\u00e9ndose, con mucha confusi\u00f3n, mezquindad y maldad\u201d.<br \/>\n\u201cLo hacen con argumentos muy ofensivos, acusando a una de las organizaciones con m\u00e1s predicamento en nuestra historia de que fue cooptada; una organizaci\u00f3n que, ni m\u00e1s ni menos, nos ayud\u00f3 a recuperar esta democracia de la que somos parte\u201d, objet\u00f3.<br \/>\nLa iniciativa fue rechazada por casi todos los bloques opositores que cuestionaron la estatizaci\u00f3n y la forma en que se saldar\u00e1 la deuda de la actual Universidad de las Madres.<br \/>\nAs\u00ed lo plantearon en sus discursos los diputados Jos\u00e9 Riccardo (UCR), Margarita Stolbizer (FAP), el massista Adri\u00e1n P\u00e9rez y la macrista Patricia Bullrich.<br \/>\nRiccardo, ex rector de la Universidad de San Luis, critic\u00f3 que el Estado \u00abdeba asumir las deudas\u00bb de la Universidad de las Madres y tambi\u00e9n cuestion\u00f3 que dependa del Ministerio de Justicia, porque ello \u00abafecta la autonom\u00eda universitaria\u00bb.<\/p>\n<p>En esa misma l\u00ednea, se expres\u00f3 el massista P\u00e9rez, para quien \u00abno existe certeza sobre los estados contables, los recursos y gastos de la Universidad de las Madres\u201d.<\/p>\n<p>A la hora de votar, se abstuvieron los tres diputados de Unidad Popular; Alcira Argumedo, de Proyecto Sur, y Facundo Moyano.<\/p>\n<h6>Fuente: La Opini\u00f3n Line<\/h6>\n","protected":false},"excerpt":{"rendered":"<p>La C\u00e1mara de Diputados aprob\u00f3 una extensa lista de proyectos educativos que incluy\u00f3 la media sanci\u00f3n para la puesta en marcha de la Universidad de la Innovaci\u00f3n y la Producci\u00f3n de Rafaela. El diputado nacional Omar Perotti, impulsor de la iniciativa, se mostr\u00f3 muy conforme y especialmente por el resultado de la votaci\u00f3n que se<\/p>\n","protected":false},"author":2,"featured_media":17027,"comment_status":"closed","ping_status":"closed","sticky":false,"template":"","format":"standard","meta":{"footnotes":""},"categories":[2],"tags":[10],"class_list":["post-17026","post","type-post","status-publish","format-standard","has-post-thumbnail","hentry","category-informe-municipal","tag-santa-fe"],"_links":{"self":[{"href":"http:\/\/argentinamunicipal.com.ar\/argentina\/wp-json\/wp\/v2\/posts\/17026","targetHints":{"allow":["GET"]}}],"collection":[{"href":"http:\/\/argentinamunicipal.com.ar\/argentina\/wp-json\/wp\/v2\/posts"}],"about":[{"href":"http:\/\/argentinamunicipal.com.ar\/argentina\/wp-json\/wp\/v2\/types\/post"}],"author":[{"embeddable":true,"href":"http:\/\/argentinamunicipal.com.ar\/argentina\/wp-json\/wp\/v2\/users\/2"}],"replies":[{"embeddable":true,"href":"http:\/\/argentinamunicipal.com.ar\/argentina\/wp-json\/wp\/v2\/comments?post=17026"}],"version-history":[{"count":0,"href":"http:\/\/argentinamunicipal.com.ar\/argentina\/wp-json\/wp\/v2\/posts\/17026\/revisions"}],"wp:featuredmedia":[{"embeddable":true,"href":"http:\/\/argentinamunicipal.com.ar\/argentina\/wp-json\/wp\/v2\/media\/17027"}],"wp:attachment":[{"href":"http:\/\/argentinamunicipal.com.ar\/argentina\/wp-json\/wp\/v2\/media?parent=17026"}],"wp:term":[{"taxonomy":"category","embeddable":true,"href":"http:\/\/argentinamunicipal.com.ar\/argentina\/wp-json\/wp\/v2\/categories?post=17026"},{"taxonomy":"post_tag","embeddable":true,"href":"http:\/\/argentinamunicipal.com.ar\/argentina\/wp-json\/wp\/v2\/tags?post=17026"}],"curies":[{"name":"wp","href":"https:\/\/api.w.org\/{rel}","templated":true}]}}