{"id":17029,"date":"2014-10-23T08:32:22","date_gmt":"2014-10-23T11:32:22","guid":{"rendered":"http:\/\/argentinamunicipal.com.ar\/argentina\/?p=17029"},"modified":"2014-10-23T08:32:22","modified_gmt":"2014-10-23T11:32:22","slug":"el-embargo-economico-contra-cuba-vuelve-la-agenda-politica-yanqui","status":"publish","type":"post","link":"http:\/\/argentinamunicipal.com.ar\/argentina\/el-embargo-economico-contra-cuba-vuelve-la-agenda-politica-yanqui\/","title":{"rendered":"El embargo econ\u00f3mico contra Cuba vuelve a la agenda pol\u00edtica yanqui"},"content":{"rendered":"<p><a href=\"http:\/\/argentinamunicipal.com.ar\/argentina\/wp-content\/uploads\/2014\/10\/pv647.jpg\"><img loading=\"lazy\" decoding=\"async\" class=\"aligncenter  wp-image-17030\" src=\"http:\/\/argentinamunicipal.com.ar\/argentina\/wp-content\/uploads\/2014\/10\/pv647.jpg\" alt=\"pv647\" width=\"753\" height=\"565\" srcset=\"http:\/\/argentinamunicipal.com.ar\/argentina\/wp-content\/uploads\/2014\/10\/pv647.jpg 980w, http:\/\/argentinamunicipal.com.ar\/argentina\/wp-content\/uploads\/2014\/10\/pv647-300x225.jpg 300w\" sizes=\"auto, (max-width: 753px) 100vw, 753px\" \/><\/a><br \/>\nA pocos d\u00edas de las legislativas, presionan a Obama para que relaje las tensas relaciones entre Washington y La Habana. La prensa adopta posiciones enfrentadas sobre la pol\u00edtica de la Casa Blanca para la isla.<\/p>\n<p>\u00bfEs hora de levantar el embargo a Cuba? \u00bfPodr\u00eda ser \u00e9sta una de las grandes medidas del presidente Barack Obama en sus \u00faltimos dos a\u00f1os de mandato? El tema reapareci\u00f3 en estos d\u00edas como argumento pol\u00edtico en Estados Unidos, donde crecen aparentemente las posiciones a favor de relajar la tensa relaci\u00f3n con el \u00fanico gobierno comunista del hemisferio occidental, un viejo enemigo ideol\u00f3gico de Washington. A pocos d\u00edas de las elecciones al Capitolio, el 4 de noviembre, el embargo, que lleva vigente m\u00e1s de 50 a\u00f1os, est\u00e1 en la agenda de Washington y de Miami, principal refugio del exilio cubano.<\/p>\n<p>Un editorial del influyente diario The New York Times volvi\u00f3 a encender el debate el 12 de octubre al pedir, tambi\u00e9n en espa\u00f1ol, al presidente Barack Obama que \u00abreflexione seriamente\u00bb sobre Cuba para \u00abreanudar relaciones diplom\u00e1ticas\u00bb con ese pa\u00eds y \u00abacabar con un embargo insensato\u00bb. Esos mismos d\u00edas se presentaba tanto en Washington como en La Habana el libro \u00abBack Channel to Cuba\u00bb, en el que Peter Kornbluh y William M. LeoGrande aseguran que pese a las malas relaciones entre ambos pa\u00edses, el gobierno de Cuba hizo gestos de acercamiento a casi todos los presidentes de Estados Unidos en las \u00faltimas d\u00e9cadas. El libro explica las conversaciones informales y secretas que han utilizado La Habana y Washington para mantener contacto a pesar de m\u00e1s de medio siglo de hostilidades. \u00abCreo que los obst\u00e1culos pol\u00edticos dom\u00e9sticos son menores hoy en Estados Unidos de lo que han sido en mucho tiempo\u00bb, estim\u00f3 LeoGrande.<\/p>\n<p>El investigador apunt\u00f3 a los cambios en la comunidad del exilio en Florida, donde los m\u00e1s j\u00f3venes se oponen cada vez m\u00e1s al embargo. El electorado de origen cubano en Florida, un Estado que puede ser clave en las presidenciales, apoyaba en el pasado tradicionalmente posiciones duras frente al gobierno de los Castro. En febrero, una encuesta del Atlantic Council dio como resultado que la mayor\u00eda de los estadounidenses est\u00e1 a favor de cambiar la pol\u00edtica hacia Cuba. En junio, otro sondeo de la Florida International University (FIU) afirm\u00f3 que hay una ligera mayor\u00eda de cubano-estadounidenses en el condado de Miami-Dade que se opone al embargo de m\u00e1s de medio siglo.<\/p>\n<p><strong>Lo coment\u00f3 Fidel<\/strong>. Dos d\u00edas despu\u00e9s del editorial del Times, el ex presidente cubano Fidel Castro lo coment\u00f3 y reprodujo casi \u00edntegro en la prensa cubana. En un texto raro de ver en el \u00f3rgano oficial del Partido Comunista, el Granma, el veterano l\u00edder cubano citaba incluso varias de las cr\u00edticas que el diario hac\u00eda contra el gobierno de la isla.<\/p>\n<p>Este martes, The Washington Post replic\u00f3 con un editorial titulado \u00abCuba no deber\u00eda ser recompensada por negar la libertad a su pueblo\u00bb. El prestigioso diario de la capital estadounidense citaba las acusaciones por la muerte del disidente Oswaldo Pay\u00e1 en un accidente vial en julio de 2012 y la detenci\u00f3n del cooperante estadounidense Alan Gross. \u00abEl embargo se ha relajado sustancialmente en los \u00faltimos a\u00f1os\u00bb, afirm\u00f3 en referencia a que el gobierno de Obama ya retir\u00f3 en 2009 y 2011 restricciones a viajes y al env\u00edo de remesas. \u00abLevantar completamente el embargo ahora recompensar\u00eda y ratificar\u00eda su intransingencia (de los hermanos Castro)\u00bb, opin\u00f3 el diario.<\/p>\n<p>Las posiciones enfrentadas del Post contra el Times resumen bien los argumentos a favor y en contra del embargo econ\u00f3mico y comercial que Washington impuso tras el triunfo de la revoluci\u00f3n de 1959 y la posterior expropiaci\u00f3n de empresas estadounidenses. Estados Unidos y Cuba rompieron sus relaciones diplom\u00e1ticas en 1961 y Washington empez\u00f3 a aplicar el embargo econ\u00f3mico contra la isla un a\u00f1o despu\u00e9s, en 1962.<\/p>\n<p><strong>Rechazo de la ONU<\/strong>. La pr\u00f3xima semana, la Asamblea General de la ONU volver\u00e1 previsiblemente a rechazarlo con el apoyo de una abrumadora mayor\u00eda de pa\u00edses en su votaci\u00f3n anual. \u00bfPor qu\u00e9 resurge el asunto ahora? \u00abEs parte de un movimiento pol\u00edtico de diferentes sectores que se viene viendo desde principios de a\u00f1o\u00bb, afirm\u00f3 Jorge Duany, director del Cuban Research Institute de la FIU, de Miami.<\/p>\n<p>Duany se refiri\u00f3 entre otras cosas a la publicaci\u00f3n del libro de Hillary Clinton, ex secretaria de Estado y posible candidata dem\u00f3crata las presidenciales de 2016. En sus memorias, asegura que el embargo s\u00f3lo le ha dado a los Castro una excusa para no hacer reformas democr\u00e1ticas y \u00abalguien a quien culpar de los problemas econ\u00f3micos de Cuba\u00bb. \u00abEl tema est\u00e1 ocupando m\u00e1s espacio porque en sus dos \u00faltimos a\u00f1os de mandato, el presidente (Barack) Obama tendr\u00e1 una oportunidad especial para introducir cambios sustanciales a la pol\u00edtica del embargo eliminando irracionalidades como la presencia de Cuba en la lista de naciones patrocinadoras del terrorismo\u00bb, explic\u00f3 Arturo L\u00f3pez-Levy, polit\u00f3logo cubano-estadounidense de la universidad de Denver.<\/p>\n<p>Obama encara sus dos \u00faltimos a\u00f1os de mandato con la esperanza de no perder la mayor\u00eda del Senado el 4 de noviembre y con muchas tareas pendientes, incluida de la Cuba, una de sus promesas cuando entr\u00f3 al Despacho Oval en 2008. L\u00f3pez-Levy cit\u00f3 como claves para dar un giro a la pol\u00edtica de Washington las reformas econ\u00f3micas de la isla y el cambio de mando en Cuba en 2018, cuando Ra\u00fal Castro deje el poder. En el horizonte cercano asoma la Cumbre de las Am\u00e9ricas en Panam\u00e1 en abril de 2015. Ante la posible invitaci\u00f3n al gobierno de Ra\u00fal Castro, habr\u00eda que ver si Estados Unidos asiste o no. Podr\u00eda ser la primera vez que Washington y La Habana se sienten en una mesa en una cumbre regional.<\/p>\n<h3>La Duma pidi\u00f3 el levantamientio<\/h3>\n<p>La Duma estatal (C\u00e1mara baja del Parlamento ruso) respald\u00f3 por unanimidad una resoluci\u00f3n que reclama el cese del bloqueo de m\u00e1s de medio siglo por Estados Unidos contra Cuba. Expresi\u00f3n de la coincidencia de las cuatro fuerzas pol\u00edticas representadas en el \u00f3rgano legislativo moscovita en que esa represalia contra 11 millones de personas de la isla debe finalizar fueron los 447 votos a favor de todos los legisladores presentes en el plenario. Seg\u00fan el vicepresidente primero de esa instancia, Iv\u00e1n Melnikov, las resoluciones adoptadas por la Duma en reclamo del cese del bloqueo suman cada vez m\u00e1s partidarios sin distinci\u00f3n pol\u00edtica.<\/p>\n<h6>Fuente: La Capital, Rosario<\/h6>\n","protected":false},"excerpt":{"rendered":"<p>A pocos d\u00edas de las legislativas, presionan a Obama para que relaje las tensas relaciones entre Washington y La Habana. La prensa adopta posiciones enfrentadas sobre la pol\u00edtica de la Casa Blanca para la isla. \u00bfEs hora de levantar el embargo a Cuba? \u00bfPodr\u00eda ser \u00e9sta una de las grandes medidas del presidente Barack Obama<\/p>\n","protected":false},"author":2,"featured_media":17030,"comment_status":"closed","ping_status":"closed","sticky":false,"template":"","format":"standard","meta":{"footnotes":""},"categories":[22],"tags":[57],"class_list":["post-17029","post","type-post","status-publish","format-standard","has-post-thumbnail","hentry","category-el-mundo","tag-el-mundo"],"_links":{"self":[{"href":"http:\/\/argentinamunicipal.com.ar\/argentina\/wp-json\/wp\/v2\/posts\/17029","targetHints":{"allow":["GET"]}}],"collection":[{"href":"http:\/\/argentinamunicipal.com.ar\/argentina\/wp-json\/wp\/v2\/posts"}],"about":[{"href":"http:\/\/argentinamunicipal.com.ar\/argentina\/wp-json\/wp\/v2\/types\/post"}],"author":[{"embeddable":true,"href":"http:\/\/argentinamunicipal.com.ar\/argentina\/wp-json\/wp\/v2\/users\/2"}],"replies":[{"embeddable":true,"href":"http:\/\/argentinamunicipal.com.ar\/argentina\/wp-json\/wp\/v2\/comments?post=17029"}],"version-history":[{"count":0,"href":"http:\/\/argentinamunicipal.com.ar\/argentina\/wp-json\/wp\/v2\/posts\/17029\/revisions"}],"wp:featuredmedia":[{"embeddable":true,"href":"http:\/\/argentinamunicipal.com.ar\/argentina\/wp-json\/wp\/v2\/media\/17030"}],"wp:attachment":[{"href":"http:\/\/argentinamunicipal.com.ar\/argentina\/wp-json\/wp\/v2\/media?parent=17029"}],"wp:term":[{"taxonomy":"category","embeddable":true,"href":"http:\/\/argentinamunicipal.com.ar\/argentina\/wp-json\/wp\/v2\/categories?post=17029"},{"taxonomy":"post_tag","embeddable":true,"href":"http:\/\/argentinamunicipal.com.ar\/argentina\/wp-json\/wp\/v2\/tags?post=17029"}],"curies":[{"name":"wp","href":"https:\/\/api.w.org\/{rel}","templated":true}]}}