{"id":17032,"date":"2014-10-23T08:36:33","date_gmt":"2014-10-23T11:36:33","guid":{"rendered":"http:\/\/argentinamunicipal.com.ar\/argentina\/?p=17032"},"modified":"2014-10-23T08:36:33","modified_gmt":"2014-10-23T11:36:33","slug":"apoyan-una-ley-en-santa-fe-para-centros-comerciales-cielo-abierto","status":"publish","type":"post","link":"http:\/\/argentinamunicipal.com.ar\/argentina\/apoyan-una-ley-en-santa-fe-para-centros-comerciales-cielo-abierto\/","title":{"rendered":"Apoyan una ley en Santa Fe para centros comerciales a cielo abierto"},"content":{"rendered":"<p><a href=\"http:\/\/argentinamunicipal.com.ar\/argentina\/wp-content\/uploads\/2014\/10\/peatonal-san-martin.jpg\"><img loading=\"lazy\" decoding=\"async\" class=\"aligncenter  wp-image-17033\" src=\"http:\/\/argentinamunicipal.com.ar\/argentina\/wp-content\/uploads\/2014\/10\/peatonal-san-martin.jpg\" alt=\"peatonal san martin\" width=\"697\" height=\"307\" srcset=\"http:\/\/argentinamunicipal.com.ar\/argentina\/wp-content\/uploads\/2014\/10\/peatonal-san-martin.jpg 908w, http:\/\/argentinamunicipal.com.ar\/argentina\/wp-content\/uploads\/2014\/10\/peatonal-san-martin-300x132.jpg 300w\" sizes=\"auto, (max-width: 697px) 100vw, 697px\" \/><\/a><\/p>\n<p>El objetivo es consolidar estos espacios como centros urbanos e incrementar la oferta comercial.<\/p>\n<p>En el Senado espera tratamiento un proyecto de respaldo y apoyo a los llamados centros comerciales a cielo abierto que meses atr\u00e1s aprobaba la C\u00e1mara de Diputados a instancias de una iniciativa del justicialista Mario Lacava. Precisamente Lacava particip\u00f3 en el hall de la Legislatura de un panel debate sobre el tema junto a Carlos Mainardi, presidente de la Federaci\u00f3n de Centros Comerciales de la provincia (Fececo); El\u00edas Soso, vicepresidente de la Confederaci\u00f3n Argentina de la Mediana Empresa (Came) y Fabi\u00e1n Tarr\u00edo, titular de la Federaci\u00f3n de centros comerciales a cielo abierto, cascos urbanos y centros hist\u00f3ricos.<\/p>\n<p>Lacava destac\u00f3 que el objetivo es consolidar estos espacios comerciales como centros urbanos a trav\u00e9s de nuevas formas de gesti\u00f3n asociadas entre los gobiernos, comerciantes, prestadores de servicios y organizaciones representativas, para mejorar la competitividad minorista, incrementar y mejorar la oferta comercial y los servicios prestados a los consumidores y ciudadanos en general. El proyecto de ley apunta a transformar esos espacios con obras como arreglo y cuidado de calles y veredas, senderos peatonales, estacionamiento, limpieza, seguridad del \u00e1rea, iluminaci\u00f3n, accesos, recolecci\u00f3n de residuos, carga y descarga de mercader\u00eda, desag\u00fces pluviales. Otro objetivo es promover la ampliaci\u00f3n de la oferta comercial a trav\u00e9s de informaci\u00f3n al cliente, servicios, publicidad, actividades complementarias y mejorar el desempe\u00f1o competitivo.<\/p>\n<h3>Los comerciantes<\/h3>\n<p>Tarr\u00edo destac\u00f3 la importancia de que alguien se haya planteado una ley \u201cpara contener a los peque\u00f1os y medianos comerciantes, consolidar nuevos espacios comerciales donde los recursos econ\u00f3micos se quedan en la localidad, mejorar la infraestructura urbana, mantener el entramado social que se genera a trav\u00e9s de la venta minorista de bienes y servicios a la poblaci\u00f3n, y favorecer el orgullo de los residentes de cada localidad donde se desarrollan las \u00e1reas comerciales\u201d.<\/p>\n<p>Admiti\u00f3 que en muchas ocasiones \u201clos comerciantes no somos tenidos en cuenta como factor relevante de la econom\u00eda. Se habla mucho m\u00e1s de la industria y bienvenido que hayas industrias, pero el gremio m\u00e1s numeroso en el pa\u00eds es el de empleados de comercio que cuenta con 1.200.000 afiliados y de los cuales s\u00f3lo 200 mil trabajan en centros comerciales de grandes superficies. Hay un mill\u00f3n de empleados de peque\u00f1os y medianos comercios de todo el pa\u00eds\u201d, advirti\u00f3.<\/p>\n<p>Mainardi manifest\u00f3 que la aprobaci\u00f3n de la ley significar\u00eda hacer realidad un sue\u00f1o. \u201cEste es un lindo sue\u00f1o que hemos tenido en alg\u00fan momento para tratar de potenciar las localidades que sienten la migraci\u00f3n de sus habitantes a grandes centros urbanos para comprar en shopping, hiper y en alg\u00fan formato m\u00e1s que desgasta a los comerciantes\u201d.<\/p>\n<p>A su turno, Soso puso el acento en el concepto de pymes. \u201cHoy las pymes ya no somos m\u00e1s una unidad econ\u00f3mica, sino que somos una unidad econ\u00f3mica y social; somos una familia que tiene puestos de trabajo y que estamos vinculados a la vida social de una Argentina que constantemente est\u00e1 cambiando. Nosotros no estamos \u2018vida o muerte\u2019 contra los shopping, sino que estamos tratando de sobrevivir a los shopping\u201d.<\/p>\n<p>El vicepresidente de Came explic\u00f3 que los centros comerciales a cielo abierto tienen una serie de beneficios para las localidades \u201cporque fideliza al cliente, genera trabajo en el pueblo, evita la emigraci\u00f3n y la concentraci\u00f3n en las grandes ciudades\u201d.<\/p>\n<p><strong>El dato<\/strong><\/p>\n<h3>Alcances<\/h3>\n<p>La iniciativa votada en Diputados, entre otras cosas, crea un Fondo para la promoci\u00f3n de inversiones en centros comerciales a cielo abierto, en el \u00e1mbito del Ministerio de la Producci\u00f3n. Los recursos se destinar\u00edan a financiar proyectos de inversi\u00f3n en obras de infraestructura, tecnolog\u00eda o equipamiento com\u00fan; asistencia t\u00e9cnica y capacitaci\u00f3n de integrantes o empleados; subsidios de tasas de cr\u00e9ditos para el financiamiento de proyectos de alto contenido en inversiones de capital o cualquier otro proyecto que contribuya a mejorar la oferta comercial, de servicios y tur\u00edstica de peque\u00f1os y medianos empresarios de toda la provincia, para evitar la erradicaci\u00f3n y cierre de peque\u00f1os negocios e incrementar los puestos de trabajo del sector.<\/p>\n<p>Tambi\u00e9n propone conformar el Consejo Provincial para el desarrollo de centros comerciales a cielo abierto, como \u00f3rgano asesor del Ministerio de la Producci\u00f3n.<\/p>\n<h6>Fuente: El Litoral, Santa Fe<\/h6>\n","protected":false},"excerpt":{"rendered":"<p>El objetivo es consolidar estos espacios como centros urbanos e incrementar la oferta comercial. En el Senado espera tratamiento un proyecto de respaldo y apoyo a los llamados centros comerciales a cielo abierto que meses atr\u00e1s aprobaba la C\u00e1mara de Diputados a instancias de una iniciativa del justicialista Mario Lacava. Precisamente Lacava particip\u00f3 en el<\/p>\n","protected":false},"author":2,"featured_media":17033,"comment_status":"closed","ping_status":"closed","sticky":false,"template":"","format":"standard","meta":{"footnotes":""},"categories":[2],"tags":[10],"class_list":["post-17032","post","type-post","status-publish","format-standard","has-post-thumbnail","hentry","category-informe-municipal","tag-santa-fe"],"_links":{"self":[{"href":"http:\/\/argentinamunicipal.com.ar\/argentina\/wp-json\/wp\/v2\/posts\/17032","targetHints":{"allow":["GET"]}}],"collection":[{"href":"http:\/\/argentinamunicipal.com.ar\/argentina\/wp-json\/wp\/v2\/posts"}],"about":[{"href":"http:\/\/argentinamunicipal.com.ar\/argentina\/wp-json\/wp\/v2\/types\/post"}],"author":[{"embeddable":true,"href":"http:\/\/argentinamunicipal.com.ar\/argentina\/wp-json\/wp\/v2\/users\/2"}],"replies":[{"embeddable":true,"href":"http:\/\/argentinamunicipal.com.ar\/argentina\/wp-json\/wp\/v2\/comments?post=17032"}],"version-history":[{"count":0,"href":"http:\/\/argentinamunicipal.com.ar\/argentina\/wp-json\/wp\/v2\/posts\/17032\/revisions"}],"wp:featuredmedia":[{"embeddable":true,"href":"http:\/\/argentinamunicipal.com.ar\/argentina\/wp-json\/wp\/v2\/media\/17033"}],"wp:attachment":[{"href":"http:\/\/argentinamunicipal.com.ar\/argentina\/wp-json\/wp\/v2\/media?parent=17032"}],"wp:term":[{"taxonomy":"category","embeddable":true,"href":"http:\/\/argentinamunicipal.com.ar\/argentina\/wp-json\/wp\/v2\/categories?post=17032"},{"taxonomy":"post_tag","embeddable":true,"href":"http:\/\/argentinamunicipal.com.ar\/argentina\/wp-json\/wp\/v2\/tags?post=17032"}],"curies":[{"name":"wp","href":"https:\/\/api.w.org\/{rel}","templated":true}]}}