{"id":17063,"date":"2014-10-23T08:00:04","date_gmt":"2014-10-23T11:00:04","guid":{"rendered":"http:\/\/argentinamunicipal.com.ar\/argentina\/?p=17063"},"modified":"2014-10-23T09:26:44","modified_gmt":"2014-10-23T12:26:44","slug":"100-nuevas-viviendas-del-iapv-para-trabajadores-municipales-en-victoria","status":"publish","type":"post","link":"http:\/\/argentinamunicipal.com.ar\/argentina\/100-nuevas-viviendas-del-iapv-para-trabajadores-municipales-en-victoria\/","title":{"rendered":"100 nuevas viviendas del IAPV para trabajadores municipales en Victoria"},"content":{"rendered":"<p><a href=\"http:\/\/argentinamunicipal.com.ar\/argentina\/wp-content\/uploads\/2014\/10\/e1300738537.jpg\"><img loading=\"lazy\" decoding=\"async\" class=\"alignleft size-full wp-image-17064\" src=\"http:\/\/argentinamunicipal.com.ar\/argentina\/wp-content\/uploads\/2014\/10\/e1300738537.jpg\" alt=\"e1300738537\" width=\"432\" height=\"324\" srcset=\"http:\/\/argentinamunicipal.com.ar\/argentina\/wp-content\/uploads\/2014\/10\/e1300738537.jpg 432w, http:\/\/argentinamunicipal.com.ar\/argentina\/wp-content\/uploads\/2014\/10\/e1300738537-300x225.jpg 300w\" sizes=\"auto, (max-width: 432px) 100vw, 432px\" \/><\/a>La culminaci\u00f3n de cien nuevas viviendas en la ciudad de Victoria fue el tema abordado en una reuni\u00f3n mantenida por el titular del Instituto Aut\u00e1rquico de Planeamiento y Vivienda (IAPV), Oscar Marelli, junto al vicepresidente de la repartici\u00f3n, Alfredo Francolini, con el secretario general de la Federaci\u00f3n Entrerriana de Sindicatos de Trabajadores Municipales (Festram), Juan Carlos Almada<\/p>\n<p>Al t\u00e9rmino del encuentro, el titular del IAPV, Oscar Marelli se\u00f1al\u00f3 que en Victoria \u201cse ejecutan con un importante grado de avance en su construcci\u00f3n, cien unidades habitaciones que est\u00e1n divididas en dos sectores de 50 viviendas cada una, que contar\u00e1n de dos dormitorios, estar, comedor-cocina y ba\u00f1o y est\u00e1n incluidas en el Programa Federal \u2018Techo Digno\u2019\u201d.<\/p>\n<p>El funcionario asegur\u00f3 que a partir de una activa pol\u00edtica habitacional llevada adelante por el Gobierno \u00abcada vez m\u00e1s familias cuentan con un techo digno, generando empleo genuino y reactivaci\u00f3n econ\u00f3mica en las diferentes localidades donde se construyen nuevas viviendas\u201d.<\/p>\n<p>Por su parte, el secretario General de la Federaci\u00f3n Entrerriana de Sindicatos de Trabajadores Municipales (Festram) y diputado provincial Juan Carlos Almada destac\u00f3 que \u201ccien familias de trabajadores municipales de Victoria en poco tiempo m\u00e1s tendr\u00e1n soluciones habitacionales dignas\u201d.<\/p>\n<p>Y agradeci\u00f3 en forma \u201cmuy especial\u201d al gobernador Sergio Urribarri, ya que \u201csin su apoyo estas viviendas no se hubiesen concretado\u201d.<\/p>\n<p>Para Almada \u201ccon la construcci\u00f3n de viviendas se est\u00e1 reconstruyendo la dignidad del hombre y con esa meta se deben agotar todos los esfuerzos para que nuestros habitantes puedan tener un techo digno\u201d.<\/p>\n<p>En tanto, el Vicepresidente del organismo provincial, Alfredo Francolini sostuvo que \u201cla vivienda es el \u00e1mbito de contenci\u00f3n y desarrollo de las familias, que acompa\u00f1a el crecimiento de los ni\u00f1os y fortalece la uni\u00f3n de los lazos familiares mejorando las condiciones de vida de los habitantes en el territorio provincial\u201d.<\/p>\n<p>\u201cCon la concreci\u00f3n de este grupo de viviendas, un n\u00famero importante de vecinos podr\u00e1n acceder a su casa propia pensando en el bienestar y el futuro de sus hijos, a trav\u00e9s del programa habitacional que lleva adelante el IAPV, que por otros medios les resultar\u00eda casi imposible lograrlo\u201d, afirm\u00f3 Francolini.<\/p>\n<h6>Fuente: APF Digital<\/h6>\n","protected":false},"excerpt":{"rendered":"<p>La culminaci\u00f3n de cien nuevas viviendas en la ciudad de Victoria fue el tema abordado en una reuni\u00f3n mantenida por el titular del Instituto Aut\u00e1rquico de Planeamiento y Vivienda (IAPV), Oscar Marelli, junto al vicepresidente de la repartici\u00f3n, Alfredo Francolini, con el secretario general de la Federaci\u00f3n Entrerriana de Sindicatos de Trabajadores Municipales (Festram), Juan<\/p>\n","protected":false},"author":2,"featured_media":17064,"comment_status":"closed","ping_status":"closed","sticky":false,"template":"","format":"standard","meta":{"footnotes":""},"categories":[2,7],"tags":[17],"class_list":["post-17063","post","type-post","status-publish","format-standard","has-post-thumbnail","hentry","category-informe-municipal","category-informe-sindical","tag-entre-rios"],"_links":{"self":[{"href":"http:\/\/argentinamunicipal.com.ar\/argentina\/wp-json\/wp\/v2\/posts\/17063","targetHints":{"allow":["GET"]}}],"collection":[{"href":"http:\/\/argentinamunicipal.com.ar\/argentina\/wp-json\/wp\/v2\/posts"}],"about":[{"href":"http:\/\/argentinamunicipal.com.ar\/argentina\/wp-json\/wp\/v2\/types\/post"}],"author":[{"embeddable":true,"href":"http:\/\/argentinamunicipal.com.ar\/argentina\/wp-json\/wp\/v2\/users\/2"}],"replies":[{"embeddable":true,"href":"http:\/\/argentinamunicipal.com.ar\/argentina\/wp-json\/wp\/v2\/comments?post=17063"}],"version-history":[{"count":0,"href":"http:\/\/argentinamunicipal.com.ar\/argentina\/wp-json\/wp\/v2\/posts\/17063\/revisions"}],"wp:featuredmedia":[{"embeddable":true,"href":"http:\/\/argentinamunicipal.com.ar\/argentina\/wp-json\/wp\/v2\/media\/17064"}],"wp:attachment":[{"href":"http:\/\/argentinamunicipal.com.ar\/argentina\/wp-json\/wp\/v2\/media?parent=17063"}],"wp:term":[{"taxonomy":"category","embeddable":true,"href":"http:\/\/argentinamunicipal.com.ar\/argentina\/wp-json\/wp\/v2\/categories?post=17063"},{"taxonomy":"post_tag","embeddable":true,"href":"http:\/\/argentinamunicipal.com.ar\/argentina\/wp-json\/wp\/v2\/tags?post=17063"}],"curies":[{"name":"wp","href":"https:\/\/api.w.org\/{rel}","templated":true}]}}