{"id":17146,"date":"2014-10-24T08:57:11","date_gmt":"2014-10-24T11:57:11","guid":{"rendered":"http:\/\/argentinamunicipal.com.ar\/argentina\/?p=17146"},"modified":"2014-10-24T08:57:11","modified_gmt":"2014-10-24T11:57:11","slug":"los-candidatos-uruguayos-gastaron-sus-ultimas-cartas-para-sumar-votos","status":"publish","type":"post","link":"http:\/\/argentinamunicipal.com.ar\/argentina\/los-candidatos-uruguayos-gastaron-sus-ultimas-cartas-para-sumar-votos\/","title":{"rendered":"Los candidatos uruguayos gastaron sus \u00faltimas cartas para sumar votos"},"content":{"rendered":"<p><a href=\"http:\/\/argentinamunicipal.com.ar\/argentina\/wp-content\/uploads\/2014\/10\/elecciones-presidenciales-uruguay-2014.png\"><img loading=\"lazy\" decoding=\"async\" class=\"aligncenter  wp-image-17147\" src=\"http:\/\/argentinamunicipal.com.ar\/argentina\/wp-content\/uploads\/2014\/10\/elecciones-presidenciales-uruguay-2014.png\" alt=\"elecciones-presidenciales-uruguay-2014\" width=\"607\" height=\"455\" srcset=\"http:\/\/argentinamunicipal.com.ar\/argentina\/wp-content\/uploads\/2014\/10\/elecciones-presidenciales-uruguay-2014.png 800w, http:\/\/argentinamunicipal.com.ar\/argentina\/wp-content\/uploads\/2014\/10\/elecciones-presidenciales-uruguay-2014-300x225.png 300w\" sizes=\"auto, (max-width: 607px) 100vw, 607px\" \/><\/a><br \/>\nFrente amplistas, blancos y coloradoscerraron sus campa\u00f1as. Los sondeos prev\u00e9n que el oficialismo se impondr\u00e1, pero habr\u00eda balotaje.<\/p>\n<p>Los principales partidos de Uruguay cerraron anoche sus respectivas campa\u00f1as para las elecciones del domingo, en encuentros masivos para los que volcaron sus \u00faltimos esfuerzos, mientras las encuestadoras coinciden casi de forma un\u00e1nime en que ninguna fuerza alcanzar\u00e1 la mayor\u00eda absoluta que le permitir\u00eda esquivar un balotaje.<\/p>\n<p>El oficialista Frente Amplio, que postula al exmandatario Tabar\u00e9 V\u00e1zquez y al dirigente Ra\u00fal Sendic, reuni\u00f3 desde temprano las banderas rojas, azules y blancas de sus militantes sobre la rambla montevideana, de frente al Parque Rod\u00f3.<\/p>\n<p>V\u00e1zquez, un onc\u00f3logo de 74 a\u00f1os y presidente entre 2005 y 2009, re\u00fane consenso para ser el m\u00e1s votado, seg\u00fan todas las consultoras que, a\u00fan as\u00ed, coinciden en que es dif\u00edcil que pueda ganar en primera vuelta.<\/p>\n<p>El Partido Nacional, segundo y con gran crecimiento en las encuestas en base al eslogan \u201cPor la Positiva\u201d, con el que busc\u00f3 alejarse de las cr\u00edticas frontales al oficialismo, convoc\u00f3 a sus seguidores a concentrarse en Las Piedras, en el departamento de Canelones.<\/p>\n<p>All\u00ed hablaron el candidato a presidente, el diputado Luis Lacalle Pou, y el candidato a vice, el senador Jorge Larra\u00f1aga. El partido se ubica en torno al 32 por ciento de intenci\u00f3n de voto, seg\u00fan los \u00faltimos sondeos sobre los comicios que definir\u00e1n qui\u00e9n suceder\u00e1 a Jos\u00e9 Mujica a partir del 1\u00ba de marzo de 2015.<\/p>\n<p>Por otro lado, la fuerza \u2028que aparece tercera en las encuestas de las principales consultoras, el Partido Colorado, tambi\u00e9n dio por finalizada su campa\u00f1a a horas de que comience a regir la veda.<\/p>\n<p>La f\u00f3rmula colorada que integran el senador Pedro Bor\u00addaberry (54) y el intendente \u2028de Salto, Germ\u00e1n Coutinho, realiz\u00f3 su acto final en la sede central del comando de campa\u00f1a, en Luis Alberto de Herrera y la rambla.<\/p>\n<p>Como las consultoras le otorgan una intenci\u00f3n de voto del 13 al 16 por ciento, Bordaberry reforz\u00f3 el pedido de un \u201c\u00faltimo esfuerzo\u201d a sus seguidores para alcanzar al nacionalismo en el segundo lugar, y se abra entonces la puerta del balotaje.<\/p>\n<p>Adem\u00e1s de elegir al pr\u00f3ximo mandatario, el domingo Uruguay renovar\u00e1 la totalidad de los 99 miembros de la C\u00e1mara de Diputados y 30 senadores.<\/p>\n<p>El ministro de la Corte Electoral Gustavo Silveira ratific\u00f3 que habr\u00e1 veda desde hoy hasta las 20.30 del domingo y que, en consecuencia, \u201cquedan prohibido los actos pol\u00edticos con fines electorales\u201d, del mismo modo que no habr\u00e1 \u201cdifusi\u00f3n en medios gr\u00e1ficos, radiales y televisivos de cualquier menci\u00f3n que pueda ser tendiente a captar la voluntad del electorado\u201d.<\/p>\n<p>Mujica pide que \u201ccrucen el charco\u201d y voten<\/p>\n<p>Convocatoria. El presidente de Uruguay, Jos\u00e9 Mujica, pidi\u00f3 ayer a sus compatriotas residentes en Argentina que el domingo \u201ccrucen el charco\u201d y acudan a votar en las elecciones presidenciales \u201cpara dar una mano en la soluci\u00f3n\u201d de los problemas del pa\u00eds. Por su parte, el secretario de la organizaci\u00f3n del Frente Amplio (FA), Pablo de los Reyes, estim\u00f3 ayer que alrededor de 10 mil uruguayos residentes en el exterior regresar\u00e1n para votar en los comicios del pr\u00f3ximo domingo, la mayor\u00eda procedentes de Argentina.<\/p>\n<h6>Fuente: La Voz del Interior<\/h6>\n","protected":false},"excerpt":{"rendered":"<p>Frente amplistas, blancos y coloradoscerraron sus campa\u00f1as. Los sondeos prev\u00e9n que el oficialismo se impondr\u00e1, pero habr\u00eda balotaje. Los principales partidos de Uruguay cerraron anoche sus respectivas campa\u00f1as para las elecciones del domingo, en encuentros masivos para los que volcaron sus \u00faltimos esfuerzos, mientras las encuestadoras coinciden casi de forma un\u00e1nime en que ninguna fuerza<\/p>\n","protected":false},"author":2,"featured_media":17147,"comment_status":"closed","ping_status":"closed","sticky":false,"template":"","format":"standard","meta":{"footnotes":""},"categories":[22],"tags":[57],"class_list":["post-17146","post","type-post","status-publish","format-standard","has-post-thumbnail","hentry","category-el-mundo","tag-el-mundo"],"_links":{"self":[{"href":"http:\/\/argentinamunicipal.com.ar\/argentina\/wp-json\/wp\/v2\/posts\/17146","targetHints":{"allow":["GET"]}}],"collection":[{"href":"http:\/\/argentinamunicipal.com.ar\/argentina\/wp-json\/wp\/v2\/posts"}],"about":[{"href":"http:\/\/argentinamunicipal.com.ar\/argentina\/wp-json\/wp\/v2\/types\/post"}],"author":[{"embeddable":true,"href":"http:\/\/argentinamunicipal.com.ar\/argentina\/wp-json\/wp\/v2\/users\/2"}],"replies":[{"embeddable":true,"href":"http:\/\/argentinamunicipal.com.ar\/argentina\/wp-json\/wp\/v2\/comments?post=17146"}],"version-history":[{"count":0,"href":"http:\/\/argentinamunicipal.com.ar\/argentina\/wp-json\/wp\/v2\/posts\/17146\/revisions"}],"wp:featuredmedia":[{"embeddable":true,"href":"http:\/\/argentinamunicipal.com.ar\/argentina\/wp-json\/wp\/v2\/media\/17147"}],"wp:attachment":[{"href":"http:\/\/argentinamunicipal.com.ar\/argentina\/wp-json\/wp\/v2\/media?parent=17146"}],"wp:term":[{"taxonomy":"category","embeddable":true,"href":"http:\/\/argentinamunicipal.com.ar\/argentina\/wp-json\/wp\/v2\/categories?post=17146"},{"taxonomy":"post_tag","embeddable":true,"href":"http:\/\/argentinamunicipal.com.ar\/argentina\/wp-json\/wp\/v2\/tags?post=17146"}],"curies":[{"name":"wp","href":"https:\/\/api.w.org\/{rel}","templated":true}]}}